{"id":72308,"date":"2015-07-07T18:15:08","date_gmt":"2015-07-07T21:15:08","guid":{"rendered":"http:\/\/www.redenoticia.com.br\/noticia\/?p=72308"},"modified":"2015-07-07T18:18:49","modified_gmt":"2015-07-07T21:18:49","slug":"mp-que-aumenta-contribuicao-sobre-lucro-diminuira-credito-bancario-diz-febraban","status":"publish","type":"post","link":"https:\/\/www.redenoticia.com.br\/noticia\/2015\/mp-que-aumenta-contribuicao-sobre-lucro-diminuira-credito-bancario-diz-febraban\/72308","title":{"rendered":"MP que aumenta contribui\u00e7\u00e3o sobre lucro diminuir\u00e1 cr\u00e9dito banc\u00e1rio, diz Febraban"},"content":{"rendered":"<p> O presidente da Federa\u00e7\u00e3o Brasileira de Bancos, Murilo Portugal Filho, disse que, caso seja convertida em lei, a Medida Provis\u00f3ria 675\/15 poder\u00e1 tornar o <strong><em>cr\u00e9dito mais caro e mais dif\u00edcil<\/em><\/strong> de ser obtido com institui\u00e7\u00f5es banc\u00e1rias.<\/p>\n<p>A medida, que aumenta de 15% para 20% a Contribui\u00e7\u00e3o Sobre o Lucro L\u00edquido (CSLL) paga por institui\u00e7\u00f5es financeiras, entrar\u00e1 em vigor a partir do dia 1\u00ba de setembro de 2015.<\/p>\n<p>O aumento dessa al\u00edquota vai gerar um incremento na receita da CSLL de aproximadamente R$ 747 milh\u00f5es em 2015 e R$ 3,8 bilh\u00f5es em 2016. \u201cVai encarecer ou diminuir o cr\u00e9dito banc\u00e1rio. Por isso, apelo para que a MP n\u00e3o seja acatada\u201d, disse Portugal no Senado, onde participa de auidi\u00eancia na comiss\u00e3o mista criada para discutir a medida.<\/p>\n<p>Segundo ele, a alternativa para amenizar os efeitos negativos da medida para o sistema banc\u00e1rio seria definir um prazo de validade para ela. \u201cFoi proposta uma emenda para aumentar essa al\u00edquota, mas em car\u00e1ter tempor\u00e1rio at\u00e9 2018, quando retornaria aos atuais 15%. Essa emenda, que atende ao objetivo do governo de aumentar a arrecada\u00e7\u00e3o, tem nosso apoio\u201d, esclareceu o representante dos banqueiros.<\/p>\n<p>Assessor de Economia do Minist\u00e9rio do Planejamento, Or\u00e7amento e Gest\u00e3o, Martim Cavalcante explicou que a MP 675 \u00e9 necess\u00e1ria para que o ajuste fiscal seja cumprido. Acrescentou que, isoladamente, ela n\u00e3o garantir\u00e1 o crescimento da atividade econ\u00f4mica.<\/p>\n<p>Para Cavalcante, ser\u00e1 necess\u00e1ria tamb\u00e9m a ado\u00e7\u00e3o de outras iniciativas, entre elas o aumento do Imposto sobre Produtos Industrializados (IPI) aplicado sobre autom\u00f3veis e cosm\u00e9ticos.<\/p>\n<p>De acordo com o gerente de Pol\u00edticas Econ\u00f4micas da Confedera\u00e7\u00e3o Nacional da Ind\u00fastria (CNI), Fl\u00e1vio Castelo Branco, o aumento de tributos causa \u201cpreocupa\u00e7\u00e3o\u201d para o setor. \u201cQualquer aumento penaliza os setores produtivos e o emprego. E qualquer medida de ajuste fiscal, de longo prazo, precisa ter estimativa do impacto na competitividade\u201d, concluiu.<\/p>\n<p>Pedro Peduzzi &#8211; Rep\u00f3rter da Ag\u00eancia Brasil<br \/>\nEdi\u00e7\u00e3o: Armando Cardoso<\/p>\n","protected":false},"excerpt":{"rendered":"<p>O presidente da Federa\u00e7\u00e3o Brasileira de Bancos, Murilo Portugal Filho, disse que, caso seja convertida em lei, a Medida Provis\u00f3ria 675\/15 poder\u00e1 tornar o cr\u00e9dito mais caro e mais dif\u00edcil de ser obtido com institui\u00e7\u00f5es banc\u00e1rias. A medida, que aumenta de 15% para 20% a Contribui\u00e7\u00e3o Sobre o Lucro L\u00edquido (CSLL) paga por institui\u00e7\u00f5es financeiras, [&hellip;]<\/p>\n","protected":false},"author":2,"featured_media":57584,"comment_status":"open","ping_status":"closed","sticky":false,"template":"","format":"standard","meta":{"_genesis_hide_title":false,"_genesis_hide_breadcrumbs":false,"_genesis_hide_singular_image":false,"_genesis_hide_footer_widgets":false,"_genesis_custom_body_class":"","_genesis_custom_post_class":"","_genesis_layout":"","_jetpack_memberships_contains_paid_content":false,"footnotes":""},"categories":[22,7],"tags":[],"class_list":{"0":"post-72308","1":"post","2":"type-post","3":"status-publish","4":"format-standard","5":"has-post-thumbnail","7":"category-brasil","8":"category-economia","9":"entry","10":"gs-1","11":"gs-odd","12":"gs-even","13":"gs-featured-content-entry"},"jetpack_featured_media_url":"https:\/\/www.redenoticia.com.br\/noticia\/imagens\/economia-grafica-analise-inflacao.jpg","jetpack_sharing_enabled":true,"jetpack_likes_enabled":true,"_links":{"self":[{"href":"https:\/\/www.redenoticia.com.br\/noticia\/wp-json\/wp\/v2\/posts\/72308","targetHints":{"allow":["GET"]}}],"collection":[{"href":"https:\/\/www.redenoticia.com.br\/noticia\/wp-json\/wp\/v2\/posts"}],"about":[{"href":"https:\/\/www.redenoticia.com.br\/noticia\/wp-json\/wp\/v2\/types\/post"}],"author":[{"embeddable":true,"href":"https:\/\/www.redenoticia.com.br\/noticia\/wp-json\/wp\/v2\/users\/2"}],"replies":[{"embeddable":true,"href":"https:\/\/www.redenoticia.com.br\/noticia\/wp-json\/wp\/v2\/comments?post=72308"}],"version-history":[{"count":0,"href":"https:\/\/www.redenoticia.com.br\/noticia\/wp-json\/wp\/v2\/posts\/72308\/revisions"}],"wp:featuredmedia":[{"embeddable":true,"href":"https:\/\/www.redenoticia.com.br\/noticia\/wp-json\/wp\/v2\/media\/57584"}],"wp:attachment":[{"href":"https:\/\/www.redenoticia.com.br\/noticia\/wp-json\/wp\/v2\/media?parent=72308"}],"wp:term":[{"taxonomy":"category","embeddable":true,"href":"https:\/\/www.redenoticia.com.br\/noticia\/wp-json\/wp\/v2\/categories?post=72308"},{"taxonomy":"post_tag","embeddable":true,"href":"https:\/\/www.redenoticia.com.br\/noticia\/wp-json\/wp\/v2\/tags?post=72308"}],"curies":[{"name":"wp","href":"https:\/\/api.w.org\/{rel}","templated":true}]}}