{"id":72306,"date":"2015-07-07T18:16:37","date_gmt":"2015-07-07T21:16:37","guid":{"rendered":"http:\/\/www.redenoticia.com.br\/noticia\/?p=72306"},"modified":"2015-07-07T18:16:37","modified_gmt":"2015-07-07T21:16:37","slug":"comercio-tem-menor-crescimento-para-o-primeiro-semestre-desde-2002","status":"publish","type":"post","link":"https:\/\/www.redenoticia.com.br\/noticia\/2015\/comercio-tem-menor-crescimento-para-o-primeiro-semestre-desde-2002\/72306","title":{"rendered":"Com\u00e9rcio tem menor crescimento para o primeiro semestre desde 2002"},"content":{"rendered":"<p> O <strong><em>com\u00e9rcio teve o menor crescimento<\/em><\/strong> no primeiro semestre do ano desde 2002, segundo levantamento divulgado pela Serasa Experian. O movimento do varejo registrou expans\u00e3o de 2,6% de janeiro a junho de 2015, em compara\u00e7\u00e3o com o mesmo per\u00edodo do ano passado. \u201c\u00c9 resultado da conjuntura econ\u00f4mica que come\u00e7ou a se deteriorar no ano passado, com o aumento da infla\u00e7\u00e3o, da taxa de juros e, agora, mais recentemente, aumento do desemprego\u201d, enfatizou o economista da consultoria Luiz Rabi.<\/p>\n<p>O setor de ve\u00edculos teve o pior resultado no acumulado do primeiro semestre, com retra\u00e7\u00e3o de 12,5%. Em seguida, vem o ramo de material de constru\u00e7\u00e3o, que teve queda de 7,1% no movimento. De acordo com Rabi, o consumidor est\u00e1 \u201cmenos propenso a comprar ve\u00edculos e materiais de constru\u00e7\u00e3o, que s\u00e3o gastos de m\u00e9dio prazo, normalmente financiados\u201d.<\/p>\n<p>Impactados pela infla\u00e7\u00e3o dos alimentos, os supermercados tamb\u00e9m tiveram desempenho fraco de janeiro a junho (2% de crescimento). \u201cTivemos uma infla\u00e7\u00e3o de alimentos muito forte nesse in\u00edcio de ano. O que acaba atingindo o desempenho do setor\u201d, enfatizou o economista.<\/p>\n<p>Os melhores resultados foram os dos setores de vestu\u00e1rio, com expans\u00e3o de 5,8%, e m\u00f3veis e eletroeletr\u00f4nicos, com 5,2%. \u201cNo setor de vestu\u00e1rio, o desempenho positivo \u00e9 um pouco o deslocamento de consumo. As pessoas, em vez de gastar com material de constru\u00e7\u00e3o ou presta\u00e7\u00e3o de carros, est\u00e3o deslocando o consumo para outros segmentos\u201d, explicou Rabi.<\/p>\n<p>Para os pr\u00f3ximos meses, o economista disse acreditar que o desempenho do varejo ainda est\u00e1 sujeito a uma ligeira piora. \u201cAcho que n\u00e3o chega a ficar negativo, como foi em 2002. Naquela \u00e9poca, est\u00e1vamos no auge da crise do apag\u00e3o\u201d, lembrou, referindo-se, \u00e0 queda de 6,9% que o com\u00e9rcio registrou no primeiro semestre.<\/p>\n<p>Por\u00e9m, com infla\u00e7\u00e3o alta e desemprego aumentando, Rabi avalia que o resultado do segundo semestre ser\u00e1 um pouco menor do que o verificado nos \u00faltimos seis meses. \u201cO aumento do d\u00f3lar e da energia, combinado com o choque dos alimentos, ainda continuam produzindo efeitos na infla\u00e7\u00e3o que v\u00e3o demorar para se dissipar\u201d, ressaltou o economista da Serasa.<\/p>\n<p>Daniel Mello &#8211; Rep\u00f3rter da Ag\u00eancia Brasil<br \/>\nEdi\u00e7\u00e3o: Maria Claudia<\/p>\n","protected":false},"excerpt":{"rendered":"<p>O com\u00e9rcio teve o menor crescimento no primeiro semestre do ano desde 2002, segundo levantamento divulgado pela Serasa Experian. O movimento do varejo registrou expans\u00e3o de 2,6% de janeiro a junho de 2015, em compara\u00e7\u00e3o com o mesmo per\u00edodo do ano passado. \u201c\u00c9 resultado da conjuntura econ\u00f4mica que come\u00e7ou a se deteriorar no ano passado, [&hellip;]<\/p>\n","protected":false},"author":2,"featured_media":38938,"comment_status":"open","ping_status":"closed","sticky":false,"template":"","format":"standard","meta":{"_genesis_hide_title":false,"_genesis_hide_breadcrumbs":false,"_genesis_hide_singular_image":false,"_genesis_hide_footer_widgets":false,"_genesis_custom_body_class":"","_genesis_custom_post_class":"","_genesis_layout":"","_jetpack_memberships_contains_paid_content":false,"footnotes":""},"categories":[22,7],"tags":[],"class_list":{"0":"post-72306","1":"post","2":"type-post","3":"status-publish","4":"format-standard","5":"has-post-thumbnail","7":"category-brasil","8":"category-economia","9":"entry","10":"gs-1","11":"gs-odd","12":"gs-even","13":"gs-featured-content-entry"},"jetpack_featured_media_url":"https:\/\/www.redenoticia.com.br\/noticia\/imagens\/economia1.jpg","jetpack_sharing_enabled":true,"jetpack_likes_enabled":true,"_links":{"self":[{"href":"https:\/\/www.redenoticia.com.br\/noticia\/wp-json\/wp\/v2\/posts\/72306","targetHints":{"allow":["GET"]}}],"collection":[{"href":"https:\/\/www.redenoticia.com.br\/noticia\/wp-json\/wp\/v2\/posts"}],"about":[{"href":"https:\/\/www.redenoticia.com.br\/noticia\/wp-json\/wp\/v2\/types\/post"}],"author":[{"embeddable":true,"href":"https:\/\/www.redenoticia.com.br\/noticia\/wp-json\/wp\/v2\/users\/2"}],"replies":[{"embeddable":true,"href":"https:\/\/www.redenoticia.com.br\/noticia\/wp-json\/wp\/v2\/comments?post=72306"}],"version-history":[{"count":0,"href":"https:\/\/www.redenoticia.com.br\/noticia\/wp-json\/wp\/v2\/posts\/72306\/revisions"}],"wp:featuredmedia":[{"embeddable":true,"href":"https:\/\/www.redenoticia.com.br\/noticia\/wp-json\/wp\/v2\/media\/38938"}],"wp:attachment":[{"href":"https:\/\/www.redenoticia.com.br\/noticia\/wp-json\/wp\/v2\/media?parent=72306"}],"wp:term":[{"taxonomy":"category","embeddable":true,"href":"https:\/\/www.redenoticia.com.br\/noticia\/wp-json\/wp\/v2\/categories?post=72306"},{"taxonomy":"post_tag","embeddable":true,"href":"https:\/\/www.redenoticia.com.br\/noticia\/wp-json\/wp\/v2\/tags?post=72306"}],"curies":[{"name":"wp","href":"https:\/\/api.w.org\/{rel}","templated":true}]}}