{"id":72304,"date":"2015-07-07T18:14:24","date_gmt":"2015-07-07T21:14:24","guid":{"rendered":"http:\/\/www.redenoticia.com.br\/noticia\/?p=72304"},"modified":"2015-07-07T18:14:24","modified_gmt":"2015-07-07T21:14:24","slug":"mercado-eleva-projecao-de-inflacao-para-2015-e-reduz-previsao-para-2016","status":"publish","type":"post","link":"https:\/\/www.redenoticia.com.br\/noticia\/2015\/mercado-eleva-projecao-de-inflacao-para-2015-e-reduz-previsao-para-2016\/72304","title":{"rendered":"Mercado eleva proje\u00e7\u00e3o de infla\u00e7\u00e3o para 2015 e reduz previs\u00e3o para 2016"},"content":{"rendered":"<p> Institui\u00e7\u00f5es financeiras consultadas pelo Banco Central (BC) elevaram pela 12\u00aa semana seguida a proje\u00e7\u00e3o para a <strong><em>infla\u00e7\u00e3o <\/em><\/strong>de 2015. Desta vez, a estimativa para o \u00cdndice Nacional de Pre\u00e7os ao Consumidor Amplo (IPCA) subiu de 9% para 9,04%. H\u00e1 quatro semanas, a proje\u00e7\u00e3o estava em 8,46%. Para 2016, a estimativa caiu de 5,50% para 5,45%.<\/p>\n<p>O pr\u00f3prio BC projeta infla\u00e7\u00e3o em 9%, este ano, muito acima do teto da meta (6,5%). O BC s\u00f3 espera alcan\u00e7ar o centro da meta (4,5%) em 2016.<\/p>\n<p>Para tentar frear a alta dos pre\u00e7os, o Comit\u00ea de Pol\u00edtica Monet\u00e1ria (Copom) do BC tem elevado a taxa b\u00e1sica de juros, a Selic. A taxa j\u00e1 foi elevada seis vezes seguidas e o BC tem sinalizado que o ciclo de alta continua. A pr\u00f3xima reuni\u00e3o do comit\u00ea est\u00e1 marcada para os dias 28 e 29 deste m\u00eas. Atualmente, a Selic est\u00e1 em 13,75% ao ano e as institui\u00e7\u00f5es financeiras esperam que a taxa chegue a 14,5% ao final deste ano. No final de 2016, a Selic deve ficar em 12,06% ao ano de acordo com a mediana (desconsidera os extremos nas proje\u00e7\u00f5es) das expectativas.<\/p>\n<p>A taxa \u00e9 usada nas negocia\u00e7\u00f5es de t\u00edtulos p\u00fablicos no Sistema Especial de Liquida\u00e7\u00e3o e Cust\u00f3dia (Selic) e serve como refer\u00eancia para as demais taxas de juros da economia. Ao reajust\u00e1-la para cima, o BC cont\u00e9m o excesso de demanda que pressiona os pre\u00e7os, porque os juros mais altos encarecem o cr\u00e9dito e estimulam a poupan\u00e7a. Quando reduz os juros b\u00e1sicos, o Copom barateia o cr\u00e9dito e incentiva a produ\u00e7\u00e3o e o consumo, mas alivia o controle sobre a infla\u00e7\u00e3o.<\/p>\n<p>Embora ajude no controle dos pre\u00e7os, o aumento da taxa Selic prejudica a economia, que atravessa um ano de recess\u00e3o, com queda na produ\u00e7\u00e3o e no consumo.<\/p>\n<p>A expectativa das institui\u00e7\u00f5es financeiras para a retra\u00e7\u00e3o da economia, este ano, passou de 1,49% para 1,50%. Essa \u00e9 a s\u00e9tima piora seguida na estimativa para o Produto Interno Bruto (PIB), soma de todos os bens e servi\u00e7os produzidos no pa\u00eds. Para o pr\u00f3ximo ano, a proje\u00e7\u00e3o \u00e9 de crescimento, mas de apenas 0,5%. Na avalia\u00e7\u00e3o do mercado financeiro, a produ\u00e7\u00e3o industrial deve ter uma queda de 4,72%, contra 4% previstos na semana passada. Em 2016, a proje\u00e7\u00e3o de crescimento passou de 1,50% para 1,35%.<\/p>\n<p>A pesquisa do BC tamb\u00e9m traz a proje\u00e7\u00e3o para a infla\u00e7\u00e3o medida pelo \u00cdndice Geral de Pre\u00e7os \u2013 Disponibilidade Interna (IGP-DI), que subiu de 7,37% para 7,42%, este ano. Para o \u00cdndice Geral de Pre\u00e7os &#8211; Mercado (IGP-M), a estimativa passou de 7% para 7,32%, em 2015. A estimativa para o \u00cdndice de Pre\u00e7os ao Consumidor da Funda\u00e7\u00e3o Instituto de Pesquisas Econ\u00f4micas (IPC-Fipe) subiu de 8,58% para 8,60%, este ano.<\/p>\n<p>A proje\u00e7\u00e3o para a cota\u00e7\u00e3o do d\u00f3lar subiu de R$ 3,20 para R$ 3,22, ao final de 2015, e de R$ 3,37 para R$ 3,40, no fim de 2016.<\/p>\n<p>Kelly Oliveira \u2013 Rep\u00f3rter da Ag\u00eancia Brasil<br \/>\nEdi\u00e7\u00e3o: Jos\u00e9 Romildo<\/p>\n","protected":false},"excerpt":{"rendered":"<p>Institui\u00e7\u00f5es financeiras consultadas pelo Banco Central (BC) elevaram pela 12\u00aa semana seguida a proje\u00e7\u00e3o para a infla\u00e7\u00e3o de 2015. Desta vez, a estimativa para o \u00cdndice Nacional de Pre\u00e7os ao Consumidor Amplo (IPCA) subiu de 9% para 9,04%. H\u00e1 quatro semanas, a proje\u00e7\u00e3o estava em 8,46%. Para 2016, a estimativa caiu de 5,50% para 5,45%. [&hellip;]<\/p>\n","protected":false},"author":2,"featured_media":34916,"comment_status":"open","ping_status":"closed","sticky":false,"template":"","format":"standard","meta":{"_genesis_hide_title":false,"_genesis_hide_breadcrumbs":false,"_genesis_hide_singular_image":false,"_genesis_hide_footer_widgets":false,"_genesis_custom_body_class":"","_genesis_custom_post_class":"","_genesis_layout":"","_jetpack_memberships_contains_paid_content":false,"footnotes":""},"categories":[22,7],"tags":[],"class_list":{"0":"post-72304","1":"post","2":"type-post","3":"status-publish","4":"format-standard","5":"has-post-thumbnail","7":"category-brasil","8":"category-economia","9":"entry","10":"gs-1","11":"gs-odd","12":"gs-even","13":"gs-featured-content-entry"},"jetpack_featured_media_url":"https:\/\/www.redenoticia.com.br\/noticia\/imagens\/inflacao.jpg","jetpack_sharing_enabled":true,"jetpack_likes_enabled":true,"_links":{"self":[{"href":"https:\/\/www.redenoticia.com.br\/noticia\/wp-json\/wp\/v2\/posts\/72304","targetHints":{"allow":["GET"]}}],"collection":[{"href":"https:\/\/www.redenoticia.com.br\/noticia\/wp-json\/wp\/v2\/posts"}],"about":[{"href":"https:\/\/www.redenoticia.com.br\/noticia\/wp-json\/wp\/v2\/types\/post"}],"author":[{"embeddable":true,"href":"https:\/\/www.redenoticia.com.br\/noticia\/wp-json\/wp\/v2\/users\/2"}],"replies":[{"embeddable":true,"href":"https:\/\/www.redenoticia.com.br\/noticia\/wp-json\/wp\/v2\/comments?post=72304"}],"version-history":[{"count":0,"href":"https:\/\/www.redenoticia.com.br\/noticia\/wp-json\/wp\/v2\/posts\/72304\/revisions"}],"wp:featuredmedia":[{"embeddable":true,"href":"https:\/\/www.redenoticia.com.br\/noticia\/wp-json\/wp\/v2\/media\/34916"}],"wp:attachment":[{"href":"https:\/\/www.redenoticia.com.br\/noticia\/wp-json\/wp\/v2\/media?parent=72304"}],"wp:term":[{"taxonomy":"category","embeddable":true,"href":"https:\/\/www.redenoticia.com.br\/noticia\/wp-json\/wp\/v2\/categories?post=72304"},{"taxonomy":"post_tag","embeddable":true,"href":"https:\/\/www.redenoticia.com.br\/noticia\/wp-json\/wp\/v2\/tags?post=72304"}],"curies":[{"name":"wp","href":"https:\/\/api.w.org\/{rel}","templated":true}]}}