{"id":72302,"date":"2015-07-07T18:12:43","date_gmt":"2015-07-07T21:12:43","guid":{"rendered":"http:\/\/www.redenoticia.com.br\/noticia\/?p=72302"},"modified":"2015-07-07T18:12:43","modified_gmt":"2015-07-07T21:12:43","slug":"producao-de-veiculos-cai-185-no-primeiro-semestre-e-vendas-recuam-207","status":"publish","type":"post","link":"https:\/\/www.redenoticia.com.br\/noticia\/2015\/producao-de-veiculos-cai-185-no-primeiro-semestre-e-vendas-recuam-207\/72302","title":{"rendered":"Produ\u00e7\u00e3o de ve\u00edculos cai 18,5% no primeiro semestre e vendas recuam 20,7%"},"content":{"rendered":"<p> A <strong><em>produ\u00e7\u00e3o de ve\u00edculos automotores<\/em><\/strong> caiu 14,8% em junho na compara\u00e7\u00e3o com o mesmo m\u00eas do ano passado, de acordo com balan\u00e7o da Associa\u00e7\u00e3o Nacional dos Fabricantes de Ve\u00edculos Automotores (Anfavea) na capital paulista. Em junho de 2015, foram produzidas 184.015 unidades, contra as 215.934 de junho de 2014. Em rela\u00e7\u00e3o ao m\u00eas de maio, quando a produ\u00e7\u00e3o somou 210.386 unidades, houve queda de 12,5%. No acumulado do primeiro semestre, foram produzidos 1.276.638 ve\u00edculos, 18,5% a menos do que o total do mesmo per\u00edodo do ano passado (1.566.049).<\/p>\n<p>O licenciamento registrou em junho leve queda de 0,1%, com a venda de 212.524 unidades. Em maio, foram vendidas 212.696. Na compara\u00e7\u00e3o com junho do ano passado, quando foram comercializados 263.564 ve\u00edculos, houve redu\u00e7\u00e3o de 19,4%. Nos acumulado de 2015, as vendas totalizaram 1.318.949 unidades, 20,7% a menos do que no mesmo per\u00edodo de 2014.<\/p>\n<p>\u201cEm junho, houve um dia a mais de vendas, mas, de qualquer maneira, o n\u00famero \u00e9 est\u00e1vel [em rela\u00e7\u00e3o a maio]. No acumulado permanece a queda, mas os produtos que a Anfavea representa e que s\u00e3o considerados bens de capital \u00e9 que t\u00eam refletido o baixo \u00edndice de confian\u00e7a dos consumidores. O nosso trabalho \u00e9 buscar esse n\u00edvel de confian\u00e7a do investidor\u201d, disse o presidente da Anfavea, Luiz Moan.<\/p>\n<p>Ele destacou que, para as pessoas f\u00edsicas, as vendas \u00e0 vista no m\u00eas de junho representaram 40,4% no total. Em junho do ano passado, esse percentual estava em 38,1%. O n\u00edvel de inadimpl\u00eancia (atrasos de pagamento acima de 90 dias) chegou a 3,9% tanto para os ve\u00edculos novos quanto para os usados. H\u00e1 um ano, era 4,99%.<\/p>\n<p>\u201cUm ponto que ainda continua positivo \u00e9 a \u00e1rea de cons\u00f3rcio, com 72 mil novas cotas em junho, o que representa aumento de 6,7% com rela\u00e7\u00e3o ao mesmo per\u00edodo do ano passado. Por isso consideramos esse um instrumento extremamente importante entre os mecanismos de financiamento dispon\u00edveis\u201d, destacou Moan.<\/p>\n<p>As exporta\u00e7\u00f5es de ve\u00edculos chegaram a 48.068 unidades em junho, um crescimento de 96,8% na compara\u00e7\u00e3o com o mesmo m\u00eas do ano passado, quando foram comercializadas no mercado externo 24.425 unidades. Em rela\u00e7\u00e3o a maio, foi registrado aumento de 17,9% e, no acumulado do ano, de 16,6%. \u201cTemos conseguido colecionar dados positivos&#8221;, disse o presidente da Anfavea.<\/p>\n<p>Em valores, as exporta\u00e7\u00f5es registraram queda de 19,7% em rela\u00e7\u00e3o a maio e eleva\u00e7\u00e3o de 20,1% na compara\u00e7\u00e3o com junho do ano passado. \u201cA queda nos valores foi provocada por uma altera\u00e7\u00e3o no mix de produtos exportados\u201d, explicou Moan.<\/p>\n<p>Fl\u00e1via Albuquerque &#8211; Rep\u00f3rter da Ag\u00eancia Brasil<br \/>\nEdi\u00e7\u00e3o: Juliana Andrade<\/p>\n","protected":false},"excerpt":{"rendered":"<p>A produ\u00e7\u00e3o de ve\u00edculos automotores caiu 14,8% em junho na compara\u00e7\u00e3o com o mesmo m\u00eas do ano passado, de acordo com balan\u00e7o da Associa\u00e7\u00e3o Nacional dos Fabricantes de Ve\u00edculos Automotores (Anfavea) na capital paulista. Em junho de 2015, foram produzidas 184.015 unidades, contra as 215.934 de junho de 2014. Em rela\u00e7\u00e3o ao m\u00eas de maio, [&hellip;]<\/p>\n","protected":false},"author":2,"featured_media":57585,"comment_status":"open","ping_status":"closed","sticky":false,"template":"","format":"standard","meta":{"_genesis_hide_title":false,"_genesis_hide_breadcrumbs":false,"_genesis_hide_singular_image":false,"_genesis_hide_footer_widgets":false,"_genesis_custom_body_class":"","_genesis_custom_post_class":"","_genesis_layout":"","_jetpack_memberships_contains_paid_content":false,"footnotes":""},"categories":[22,7],"tags":[],"class_list":{"0":"post-72302","1":"post","2":"type-post","3":"status-publish","4":"format-standard","5":"has-post-thumbnail","7":"category-brasil","8":"category-economia","9":"entry","10":"gs-1","11":"gs-odd","12":"gs-even","13":"gs-featured-content-entry"},"jetpack_featured_media_url":"https:\/\/www.redenoticia.com.br\/noticia\/imagens\/analise-economia.jpg","jetpack_sharing_enabled":true,"jetpack_likes_enabled":true,"_links":{"self":[{"href":"https:\/\/www.redenoticia.com.br\/noticia\/wp-json\/wp\/v2\/posts\/72302","targetHints":{"allow":["GET"]}}],"collection":[{"href":"https:\/\/www.redenoticia.com.br\/noticia\/wp-json\/wp\/v2\/posts"}],"about":[{"href":"https:\/\/www.redenoticia.com.br\/noticia\/wp-json\/wp\/v2\/types\/post"}],"author":[{"embeddable":true,"href":"https:\/\/www.redenoticia.com.br\/noticia\/wp-json\/wp\/v2\/users\/2"}],"replies":[{"embeddable":true,"href":"https:\/\/www.redenoticia.com.br\/noticia\/wp-json\/wp\/v2\/comments?post=72302"}],"version-history":[{"count":0,"href":"https:\/\/www.redenoticia.com.br\/noticia\/wp-json\/wp\/v2\/posts\/72302\/revisions"}],"wp:featuredmedia":[{"embeddable":true,"href":"https:\/\/www.redenoticia.com.br\/noticia\/wp-json\/wp\/v2\/media\/57585"}],"wp:attachment":[{"href":"https:\/\/www.redenoticia.com.br\/noticia\/wp-json\/wp\/v2\/media?parent=72302"}],"wp:term":[{"taxonomy":"category","embeddable":true,"href":"https:\/\/www.redenoticia.com.br\/noticia\/wp-json\/wp\/v2\/categories?post=72302"},{"taxonomy":"post_tag","embeddable":true,"href":"https:\/\/www.redenoticia.com.br\/noticia\/wp-json\/wp\/v2\/tags?post=72302"}],"curies":[{"name":"wp","href":"https:\/\/api.w.org\/{rel}","templated":true}]}}