{"id":72300,"date":"2015-07-07T18:10:41","date_gmt":"2015-07-07T21:10:41","guid":{"rendered":"http:\/\/www.redenoticia.com.br\/noticia\/?p=72300"},"modified":"2015-07-07T18:10:41","modified_gmt":"2015-07-07T21:10:41","slug":"melhores-horarios-para-viajar-em-sp-no-feriado-de-9-de-julho","status":"publish","type":"post","link":"https:\/\/www.redenoticia.com.br\/noticia\/2015\/melhores-horarios-para-viajar-em-sp-no-feriado-de-9-de-julho\/72300","title":{"rendered":"Melhores hor\u00e1rios para viajar em SP no feriado de 9 de julho"},"content":{"rendered":"<p>Antes de cair na estrada em dire\u00e7\u00e3o ao litoral ou interior neste <em><strong>feriado da Revolu\u00e7\u00e3o Constitucionalista<\/strong><\/em> , veja a previs\u00e3o de tr\u00e1fego nas principais rodovias estaduais paulistas e escolha os melhores hor\u00e1rios. Boa viagem!<\/p>\n<p>SISTEMA ANCHIETA-IMIGRANTES<br \/>\nA previs\u00e3o da Ecovias, concession\u00e1ria que administra o Sistema Anchieta-Imigrantes, \u00e9 que entre 240 e 310 mil ve\u00edculos des\u00e7am a serra em dire\u00e7\u00e3o ao litoral paulista. A contagem dos carros inicia \u00e0 zero hora desta quarta-feira, 8, e encerra \u00e0 meia-noite do domingo, 12.<br \/>\nA implanta\u00e7\u00e3o da Opera\u00e7\u00e3o Descida (7\u00d73) est\u00e1 prevista para as 9h desta quinta-feira, 9. Os ve\u00edculos com destino ao litoral podem utilizar as duas pistas da via Anchieta e a pista sul da Rodovia dos Imigrantes. A subida \u00e9 feita somente pela pista norte da Imigrantes.<br \/>\nVolta<br \/>\nA partir das 12h do domingo, 12, a expectativa \u00e9 que o volume de tr\u00e1fego comece a se intensificar no sentido S\u00e3o Paulo, hor\u00e1rio para o qual a Ecovias programou a implanta\u00e7\u00e3o da Opera\u00e7\u00e3o Subida (2\u00d78). Neste esquema, as duas pistas da Imigrantes e a pista norte da Anchieta ser\u00e3o destinadas aos ve\u00edculos que retornam a S\u00e3o Paulo, enquanto a pista sul da Anchieta ficar\u00e1 \u00e0 disposi\u00e7\u00e3o dos motoristas com destino ao litoral.<br \/>\nMais informa\u00e7\u00f5es no .<\/p>\n<p>SISTEMA ANHANGUERA-BANDEIRANTES<br \/>\nA CCR AutoBAn espera a circula\u00e7\u00e3o de aproximadamente 880 mil ve\u00edculos, entre sa\u00edda e chegada \u00e0 capital, no per\u00edodo de cinco dias (de quarta-feira a domingo).<br \/>\nHor\u00e1rios de pico<br \/>\nOs hor\u00e1rios de maior movimento na sa\u00edda do feriado devem acontecer na quarta-feira,8, das 15h \u00e0s 19h e na quinta-feira, 9, das 9h \u00e0s 13h.<br \/>\nVolta<br \/>\nPara o retorno do feriado, os hor\u00e1rios de pico previstos acontecem no domingo,12, das 12h \u00e0s 21h.<br \/>\nOpera\u00e7\u00e3o Caminh\u00e3o<br \/>\nNa sexta-feira, 9, e no domingo, 12, das 14h \u00e0s 22h, os caminh\u00f5es que se destinam \u00e0 capital pela Rodovia dos Bandeirantes devem utilizar a Via Anhanguera no trecho do km 48 ao km 23, entre Jundia\u00ed e S\u00e3o Paulo.<br \/>\nAs informa\u00e7\u00f5es s\u00e3o da .<\/p>\n<p>AYRTON SENNA\/ CARVALHO PINTO<br \/>\nA estimativa da Ecopistas \u00e9 que entre 934 e 994 mil ve\u00edculos passem pelas quatro pra\u00e7as de ped\u00e1gio que a empresa administra, nos dois sentidos, durante o o feriado da Revolu\u00e7\u00e3o Constitucionalista. A contagem para o feriado prolongado come\u00e7a a zero hora desta quarta e se estender\u00e1 at\u00e9 meia-noite de domingo, 12.<br \/>\nNa sa\u00edda dos motoristas para o feriado, a previs\u00e3o \u00e9 de que o fluxo de ve\u00edculos seja mais intenso das 16h \u00e0s 18h de quarta, 8, e entre as 10h e 12h de quinta, 9.<br \/>\nNo retorno a S\u00e3o Paulo, a Ecopistas aguarda maior fluxo de ve\u00edculos entre 16h e 18h de domingo, 12.<br \/>\nOpera\u00e7\u00e3o Faixa Revers\u00edvel<br \/>\nNos per\u00edodos de maior movimento no sentido litoral e interior, a Ecopistas poder\u00e1 implantar a Opera\u00e7\u00e3o Faixa Revers\u00edvel, na qual os condutores que se dirigem a Campos do Jord\u00e3o e ao sul de Minas Gerais ter\u00e3o uma faixa exclusiva para trafegar, entre o km 128 e o km 130 da rodovia Carvalho Pinto. A faixa da esquerda da pista que opera em dire\u00e7\u00e3o a S\u00e3o Paulo ter\u00e1 seu sentido invertido e servir\u00e1 como mais uma op\u00e7\u00e3o aos motoristas.<br \/>\nMais informa\u00e7\u00f5es na .<\/p>\n<p>SISTEMA CASTELLO BRANCO-RAPOSO TAVARES<br \/>\nAproximadamente 600 mil ve\u00edculos devem circular pelos dois sentidos do Sistema Castello-Raposo entre os dias 8 e 12 de julho.<br \/>\nOpera\u00e7\u00e3o Feriado<br \/>\nA opera\u00e7\u00e3o tem in\u00edcio \u00e0 0h desta quarta-feira e se estende at\u00e9 a meia-noite do domingo. O tr\u00e1fego de caminh\u00f5es est\u00e1 proibido a partir das 14h.<br \/>\nAs informa\u00e7\u00f5es s\u00e3o da .<\/p>\n<p>NOVA TAMOIOS<br \/>\nA Opera\u00e7\u00e3o na Nova Tamoios (SP-099) come\u00e7a nesta quarta-feira,8, a partir das 13h. At\u00e9 domingo, a rodovia receber\u00e1 refor\u00e7o operacional para atender cerca de 45 mil ve\u00edculos. Para descida ao litoral norte ser\u00e1 implantada faixa suplementar a partir do km 68, no trecho de serra. A medida visa garantir em todo o trajeto duas faixas de rolamento e aumentar a capacidade de fluxo da rodovia.<br \/>\nHor\u00e1rios de pico<br \/>\nSentido litoral norte &#8211; quarta, a partir das 16h \u00e1s 20h; quinta, entre 8h e 14h.<br \/>\nSentido Planalto &#8211; domingo, entre 14h e 20h.<br \/>\nAs informa\u00e7\u00f5es s\u00e3o da .<\/p>\n<p>RODOVIAS OPERADAS PELA DER<br \/>\nRodovia Padre Manoel da N\u00f3brega (SP-055); Rodovia Manoel Hyppolito Rego (SP-055); Rodovia Dom Paulo Rolim Loureiro (SP-098); Rodovia Oswaldo Cruz (SP-125); Rodovia Raposo Tavares (SP-270); Rodovia Floriano Rodrigues (SP-123)<br \/>\nA Opera\u00e7\u00e3o do Feriado da Revolu\u00e7\u00e3o Constitucionalista deste ano coincide com o per\u00edodo da Opera\u00e7\u00e3o Inverno 2015. Desta forma, ela ser\u00e1 realizada nas mesmas rodovias, que d\u00e3o acesso \u00e0 Regi\u00e3o Serrana, de Campos do Jord\u00e3o, Circuito das \u00c1guas (Lind\u00f3ia, \u00c1guas de Lind\u00f3ia e Serra Negra) e Oeste Paulista, sob a administra\u00e7\u00e3o do Departamento de Estradas de Rodagem (DER).<br \/>\nO maior movimento nas rodovias ser\u00e1 entre 8h e 18h da quinta-feira, 9. No domingo, 12, o movimento cresce a partir das 10h, permanecendo assim at\u00e9 20h. S\u00e3o esperados mais de 800 mil ve\u00edculos.<br \/>\nAs informa\u00e7\u00f5es s\u00e3o da .<\/p>\n<p>Do Portal do Governo do Estado SP<\/p>\n","protected":false},"excerpt":{"rendered":"<p>Antes de cair na estrada em dire\u00e7\u00e3o ao litoral ou interior neste feriado da Revolu\u00e7\u00e3o Constitucionalista , veja a previs\u00e3o de tr\u00e1fego nas principais rodovias estaduais paulistas e escolha os melhores hor\u00e1rios. Boa viagem! SISTEMA ANCHIETA-IMIGRANTES A previs\u00e3o da Ecovias, concession\u00e1ria que administra o Sistema Anchieta-Imigrantes, \u00e9 que entre 240 e 310 mil ve\u00edculos des\u00e7am [&hellip;]<\/p>\n","protected":false},"author":2,"featured_media":35207,"comment_status":"open","ping_status":"closed","sticky":false,"template":"","format":"standard","meta":{"_genesis_hide_title":false,"_genesis_hide_breadcrumbs":false,"_genesis_hide_singular_image":false,"_genesis_hide_footer_widgets":false,"_genesis_custom_body_class":"","_genesis_custom_post_class":"","_genesis_layout":"","_jetpack_memberships_contains_paid_content":false,"footnotes":""},"categories":[22],"tags":[],"class_list":{"0":"post-72300","1":"post","2":"type-post","3":"status-publish","4":"format-standard","5":"has-post-thumbnail","7":"category-brasil","8":"entry","9":"gs-1","10":"gs-odd","11":"gs-even","12":"gs-featured-content-entry"},"jetpack_featured_media_url":"https:\/\/www.redenoticia.com.br\/noticia\/imagens\/transito-estradas.jpg","jetpack_sharing_enabled":true,"jetpack_likes_enabled":true,"_links":{"self":[{"href":"https:\/\/www.redenoticia.com.br\/noticia\/wp-json\/wp\/v2\/posts\/72300","targetHints":{"allow":["GET"]}}],"collection":[{"href":"https:\/\/www.redenoticia.com.br\/noticia\/wp-json\/wp\/v2\/posts"}],"about":[{"href":"https:\/\/www.redenoticia.com.br\/noticia\/wp-json\/wp\/v2\/types\/post"}],"author":[{"embeddable":true,"href":"https:\/\/www.redenoticia.com.br\/noticia\/wp-json\/wp\/v2\/users\/2"}],"replies":[{"embeddable":true,"href":"https:\/\/www.redenoticia.com.br\/noticia\/wp-json\/wp\/v2\/comments?post=72300"}],"version-history":[{"count":0,"href":"https:\/\/www.redenoticia.com.br\/noticia\/wp-json\/wp\/v2\/posts\/72300\/revisions"}],"wp:featuredmedia":[{"embeddable":true,"href":"https:\/\/www.redenoticia.com.br\/noticia\/wp-json\/wp\/v2\/media\/35207"}],"wp:attachment":[{"href":"https:\/\/www.redenoticia.com.br\/noticia\/wp-json\/wp\/v2\/media?parent=72300"}],"wp:term":[{"taxonomy":"category","embeddable":true,"href":"https:\/\/www.redenoticia.com.br\/noticia\/wp-json\/wp\/v2\/categories?post=72300"},{"taxonomy":"post_tag","embeddable":true,"href":"https:\/\/www.redenoticia.com.br\/noticia\/wp-json\/wp\/v2\/tags?post=72300"}],"curies":[{"name":"wp","href":"https:\/\/api.w.org\/{rel}","templated":true}]}}