{"id":722,"date":"2009-04-20T16:47:11","date_gmt":"2009-04-20T20:47:11","guid":{"rendered":"http:\/\/www.redenoticia.com.br\/noticia\/2009\/04\/ivete-sangalo-far-dueto-com-andrea-bocelli\/"},"modified":"2009-04-20T16:47:11","modified_gmt":"2009-04-20T20:47:11","slug":"ivete-sangalo-far-dueto-com-andrea-bocelli","status":"publish","type":"post","link":"https:\/\/www.redenoticia.com.br\/noticia\/2009\/ivete-sangalo-far-dueto-com-andrea-bocelli\/722","title":{"rendered":"Ivete Sangalo far&aacute; dueto com Andrea Bocelli"},"content":{"rendered":"<p>&#160;<\/p>\n<p>&#160;<\/p>\n<p><a href=\"http:\/\/www.agenciabrasil.gov.br\/media\/imagens\/2006\/12\/15\/1330AC0099a.jpg\/view\"><img loading=\"lazy\" decoding=\"async\" title=\"Bras\u00edlia - Orquestra se apresenta na inaugura\u00e7\u00e3o do Complexo Cultural de Bras\u00edlia Foto: Antonio Cruz\/Abr\" style=\"border-right: 0px; border-top: 0px; display: inline; margin: 0px 50px 10px 0px; border-left: 0px; border-bottom: 0px\" height=\"150\" alt=\"Bras\u00edlia - Orquestra se apresenta na inaugura\u00e7\u00e3o do Complexo Cultural de Bras\u00edlia Foto: Antonio Cruz\/Abr\" src=\"http:\/\/stream.agenciabrasil.gov.br\/media\/imagens\/2006\/12\/15\/1330AC0099a.image_media_horizontal.jpg\" width=\"221\" align=\"left\" border=\"0\" \/><\/a>Ivete Sangalo voltou com for\u00e7a total das f\u00e9rias. Al\u00e9m de se preparar para lan\u00e7ar o CD \u201cPode Entrar\u201d em maio e tocar sua agenda de shows, a cantora tamb\u00e9m vai fazer participa\u00e7\u00e3o especial no show do tenor Andrea Bocelli.<\/p>\n<p>A apresenta\u00e7\u00e3o ser\u00e1 no dia 21 de abril, no ferido de Tiradentes, no Parque da Independ\u00eancia, em S\u00e3o Paulo.<\/p>\n<p>A baiana sobe ao palco para dividir os vocais com o tenor em uma m\u00fasica e promete arrepiar a plateia. <\/p>\n<p>&#160;<\/p>\n<p>News Free<\/p>\n<p>Foto: Antonio Cruz\/Abr<\/p>\n","protected":false},"excerpt":{"rendered":"<p>&#160; &#160; Ivete Sangalo voltou com for\u00e7a total das f\u00e9rias. Al\u00e9m de se preparar para lan\u00e7ar o CD \u201cPode Entrar\u201d em maio e tocar sua agenda de shows, a cantora tamb\u00e9m vai fazer participa\u00e7\u00e3o especial no show do tenor Andrea Bocelli. A apresenta\u00e7\u00e3o ser\u00e1 no dia 21 de abril, no ferido de Tiradentes, no Parque [&hellip;]<\/p>\n","protected":false},"author":2,"featured_media":0,"comment_status":"open","ping_status":"open","sticky":false,"template":"","format":"standard","meta":{"_genesis_hide_title":false,"_genesis_hide_breadcrumbs":false,"_genesis_hide_singular_image":false,"_genesis_hide_footer_widgets":false,"_genesis_custom_body_class":"","_genesis_custom_post_class":"","_genesis_layout":"","_jetpack_memberships_contains_paid_content":false,"footnotes":""},"categories":[22],"tags":[],"class_list":{"0":"post-722","1":"post","2":"type-post","3":"status-publish","4":"format-standard","6":"category-brasil","7":"entry","8":"gs-1","9":"gs-odd","10":"gs-even","11":"gs-featured-content-entry"},"jetpack_featured_media_url":"","jetpack_sharing_enabled":true,"jetpack_likes_enabled":true,"_links":{"self":[{"href":"https:\/\/www.redenoticia.com.br\/noticia\/wp-json\/wp\/v2\/posts\/722","targetHints":{"allow":["GET"]}}],"collection":[{"href":"https:\/\/www.redenoticia.com.br\/noticia\/wp-json\/wp\/v2\/posts"}],"about":[{"href":"https:\/\/www.redenoticia.com.br\/noticia\/wp-json\/wp\/v2\/types\/post"}],"author":[{"embeddable":true,"href":"https:\/\/www.redenoticia.com.br\/noticia\/wp-json\/wp\/v2\/users\/2"}],"replies":[{"embeddable":true,"href":"https:\/\/www.redenoticia.com.br\/noticia\/wp-json\/wp\/v2\/comments?post=722"}],"version-history":[{"count":0,"href":"https:\/\/www.redenoticia.com.br\/noticia\/wp-json\/wp\/v2\/posts\/722\/revisions"}],"wp:attachment":[{"href":"https:\/\/www.redenoticia.com.br\/noticia\/wp-json\/wp\/v2\/media?parent=722"}],"wp:term":[{"taxonomy":"category","embeddable":true,"href":"https:\/\/www.redenoticia.com.br\/noticia\/wp-json\/wp\/v2\/categories?post=722"},{"taxonomy":"post_tag","embeddable":true,"href":"https:\/\/www.redenoticia.com.br\/noticia\/wp-json\/wp\/v2\/tags?post=722"}],"curies":[{"name":"wp","href":"https:\/\/api.w.org\/{rel}","templated":true}]}}