{"id":72173,"date":"2015-07-04T05:49:25","date_gmt":"2015-07-04T08:49:25","guid":{"rendered":"http:\/\/www.redenoticia.com.br\/noticia\/?p=72173"},"modified":"2015-07-04T05:49:25","modified_gmt":"2015-07-04T08:49:25","slug":"comissao-estima-em-r-3-bi-prejuizos-com-cancelamento-de-refinarias-premium","status":"publish","type":"post","link":"https:\/\/www.redenoticia.com.br\/noticia\/2015\/comissao-estima-em-r-3-bi-prejuizos-com-cancelamento-de-refinarias-premium\/72173","title":{"rendered":"Comiss\u00e3o estima em R$ 3 bi preju\u00edzos com cancelamento de refinarias Premium"},"content":{"rendered":"<p> A comiss\u00e3o externa da C\u00e2mara dos Deputados que investiga o cancelamento da constru\u00e7\u00e3o das <strong><em>refinarias Premium<\/em><\/strong> da Petrobras no Nordeste visitou o terreno onde seria instalada a unidade Premium II, no munic\u00edpio de Caucaia, regi\u00e3o metropolitana de Fortaleza. Os preju\u00edzos com os gastos p\u00fablicos em infraestrutura para as obras s\u00e3o estimados em R$ 3 bilh\u00f5es.<\/p>\n<p>O cancelamento dos projetos foi anunciado pela Petrobras em janeiro deste ano. O governo do Cear\u00e1 ainda n\u00e3o finalizou o levantamento de todas as informa\u00e7\u00f5es sobre os investimentos feitos para receber a refinaria Premium II. Nesta manh\u00e3, representantes dos Minist\u00e9rios P\u00fablicos Federal e do Estado e dos tribunais de Contas do Estado e da Uni\u00e3o reuniram-se com o procurador-chefe do Estado, Juv\u00eancio Vasconcelos Viana, e com o secret\u00e1rio de Infraestrutura, Andr\u00e9 Fac\u00f3, para cobrar a apresenta\u00e7\u00e3o do levantamento.<\/p>\n<p>De forma preliminar, o Tribunal de Contas do Estado chegou ao valor de R$ 200 milh\u00f5es em recursos p\u00fablicos aplicados em infraestrutura para a obra, mas o n\u00famero ainda n\u00e3o est\u00e1 fechado. De acordo com Fac\u00f3, a principal dificuldade do governo para chegar a um valor definitivo est\u00e1 no fato de que v\u00e1rias obras foram realizadas tendo em vista todas as atividades do Complexo Industrial e Portu\u00e1rio do Pec\u00e9m (CIPP), onde a refinaria seria constru\u00edda.<\/p>\n<p>&#8220;Os investimentos j\u00e1 estavam previstos no plano diretor do CIPP, foram feitos e n\u00e3o foram perdidos. No entanto, o an\u00fancio da instala\u00e7\u00e3o da Premium foi motivo para darmos o start [partida] neles&#8221;, disse o secret\u00e1rio durante audi\u00eancia p\u00fablica hoje \u00e0 tarde na Assembleia Legislativa do Cear\u00e1. O grupo dever\u00e1 apresentar o valor definitivo no dia 17 de agosto.<\/p>\n<p>Segundo a coordenadora da comiss\u00e3o externa, deputada Eliziane Gama (PPS-MA), o estado do Maranh\u00e3o estimou os gastos com a Premium I em R$ 2,6 bilh\u00f5es. A refinaria seria constru\u00edda no munic\u00edpio de Bacabeira, a 53 quil\u00f4metros da capital, S\u00e3o Lu\u00eds.<\/p>\n<p>\u201cL\u00e1, fizeram terraplanagem, constru\u00edram canais, ou seja, houve algum investimento. No Cear\u00e1, n\u00e3o houve nada. H\u00e1 uma \u00e1rea onde houve um gasto e n\u00e3o se sabe com o qu\u00ea. S\u00e3o situa\u00e7\u00f5es parecidas do ponto de vista da frustra\u00e7\u00e3o da popula\u00e7\u00e3o, mas h\u00e1 diferen\u00e7as nos investimentos\u201d, explica Fac\u00f3. O relat\u00f3rio final da comiss\u00e3o externa da C\u00e2mara dos Deputados dever\u00e1 ser divulgado em outubro e, conforme Eliziane, cobrar\u00e1 responsabilidades da Petrobras.<\/p>\n<p>Na divulga\u00e7\u00e3o de seus resultados do primeiro trimestre deste ano, a petrol\u00edfera contabilizou preju\u00edzo de R$ 2,8 bilh\u00f5es decorrente do cancelamento das Premium I e II. A decis\u00e3o foi tomada, conforme a estatal, a partir da aus\u00eancia de atratividade econ\u00f4mica, tendo em vista as taxas previstas de crescimento dos mercados interno e externo de derivados de petr\u00f3leo, e tamb\u00e9m porque a empresa n\u00e3o conseguiu um parceiro econ\u00f4mico para a implanta\u00e7\u00e3o das refinarias, condi\u00e7\u00e3o prevista no Plano de Neg\u00f3cios e Gest\u00e3o 2014-2018, do qual constavam os projetos.<\/p>\n<p>Edwirges Nogueira &#8211; Correspondente da Ag\u00eancia Brasil\/EBC<br \/>\nEdi\u00e7\u00e3o: Jorge Wamburg<\/p>\n","protected":false},"excerpt":{"rendered":"<p>A comiss\u00e3o externa da C\u00e2mara dos Deputados que investiga o cancelamento da constru\u00e7\u00e3o das refinarias Premium da Petrobras no Nordeste visitou o terreno onde seria instalada a unidade Premium II, no munic\u00edpio de Caucaia, regi\u00e3o metropolitana de Fortaleza. Os preju\u00edzos com os gastos p\u00fablicos em infraestrutura para as obras s\u00e3o estimados em R$ 3 bilh\u00f5es. [&hellip;]<\/p>\n","protected":false},"author":2,"featured_media":38938,"comment_status":"open","ping_status":"closed","sticky":false,"template":"","format":"standard","meta":{"_genesis_hide_title":false,"_genesis_hide_breadcrumbs":false,"_genesis_hide_singular_image":false,"_genesis_hide_footer_widgets":false,"_genesis_custom_body_class":"","_genesis_custom_post_class":"","_genesis_layout":"","_jetpack_memberships_contains_paid_content":false,"footnotes":""},"categories":[22,7],"tags":[],"class_list":{"0":"post-72173","1":"post","2":"type-post","3":"status-publish","4":"format-standard","5":"has-post-thumbnail","7":"category-brasil","8":"category-economia","9":"entry","10":"gs-1","11":"gs-odd","12":"gs-even","13":"gs-featured-content-entry"},"jetpack_featured_media_url":"https:\/\/www.redenoticia.com.br\/noticia\/imagens\/economia1.jpg","jetpack_sharing_enabled":true,"jetpack_likes_enabled":true,"_links":{"self":[{"href":"https:\/\/www.redenoticia.com.br\/noticia\/wp-json\/wp\/v2\/posts\/72173","targetHints":{"allow":["GET"]}}],"collection":[{"href":"https:\/\/www.redenoticia.com.br\/noticia\/wp-json\/wp\/v2\/posts"}],"about":[{"href":"https:\/\/www.redenoticia.com.br\/noticia\/wp-json\/wp\/v2\/types\/post"}],"author":[{"embeddable":true,"href":"https:\/\/www.redenoticia.com.br\/noticia\/wp-json\/wp\/v2\/users\/2"}],"replies":[{"embeddable":true,"href":"https:\/\/www.redenoticia.com.br\/noticia\/wp-json\/wp\/v2\/comments?post=72173"}],"version-history":[{"count":0,"href":"https:\/\/www.redenoticia.com.br\/noticia\/wp-json\/wp\/v2\/posts\/72173\/revisions"}],"wp:featuredmedia":[{"embeddable":true,"href":"https:\/\/www.redenoticia.com.br\/noticia\/wp-json\/wp\/v2\/media\/38938"}],"wp:attachment":[{"href":"https:\/\/www.redenoticia.com.br\/noticia\/wp-json\/wp\/v2\/media?parent=72173"}],"wp:term":[{"taxonomy":"category","embeddable":true,"href":"https:\/\/www.redenoticia.com.br\/noticia\/wp-json\/wp\/v2\/categories?post=72173"},{"taxonomy":"post_tag","embeddable":true,"href":"https:\/\/www.redenoticia.com.br\/noticia\/wp-json\/wp\/v2\/tags?post=72173"}],"curies":[{"name":"wp","href":"https:\/\/api.w.org\/{rel}","templated":true}]}}