{"id":72171,"date":"2015-07-04T05:46:25","date_gmt":"2015-07-04T08:46:25","guid":{"rendered":"http:\/\/www.redenoticia.com.br\/noticia\/?p=72171"},"modified":"2015-07-04T05:46:25","modified_gmt":"2015-07-04T08:46:25","slug":"reajuste-das-tarifas-de-transporte-intermunicipal-em-sp","status":"publish","type":"post","link":"https:\/\/www.redenoticia.com.br\/noticia\/2015\/reajuste-das-tarifas-de-transporte-intermunicipal-em-sp\/72171","title":{"rendered":"Reajuste das tarifas de transporte intermunicipal em SP"},"content":{"rendered":"<p>As tarifas de <strong><em>transporte intermunicipal de passageiros do estado de S\u00e3o Paulo<\/em><\/strong> foram reajustadas em 10,53% para as linhas rodovi\u00e1rias e 13,40% para as linhas suburbanas. O an\u00fancio foi feito pela Ag\u00eancia de Transporte do Estado de S\u00e3o Paulo (Artesp).<\/p>\n<p>O servi\u00e7o rodovi\u00e1rio \u00e9 aquele que opera entre terminais rodovi\u00e1rios ou ag\u00eancias de passagens, com utiliza\u00e7\u00e3o de poltronas numeradas, bagageiro externo e que n\u00e3o permite passageiros em p\u00e9. J\u00e1 o suburbano compreende a cobran\u00e7a de passagens no interior do ve\u00edculo, paradas efetuadas em pontos e abrigos e que utiliza \u00f4nibus convencional com portas independentes para embarque e desembarque, al\u00e9m de poltronas n\u00e3o numeradas.<\/p>\n<p>Segundo a Artesp, o aumento n\u00e3o vale para as linhas regulamentadas pela Empresa Metropolitana de Transportes Urbanos de S\u00e3o Paulo (EMTU), que opera dentro da regi\u00e3o metropolitana de S\u00e3o Paulo.<\/p>\n<p>O reajuste na tarifa ocorre, de acordo com a ag\u00eancia, ap\u00f3s 17 meses sem aumento. \u201c O c\u00e1lculo do reajuste representa a recomposi\u00e7\u00e3o de custos operacionais entre outubro de 2013 e maio de 2014. Foram consideradas as varia\u00e7\u00f5es de diversos itens como os sal\u00e1rios da categoria reajustados nos acordos coletivos de maio de 2014 e maio de 2015, al\u00e9m do \u00f3leo diesel que subiu 16,91%\u201d, informou a Artesp.<\/p>\n<p>De acordo com a ag\u00eancia, sofrer\u00e3o o aumento 631 linhas rodovi\u00e1rias circulando em todo o estado, al\u00e9m de 431 linhas suburbanas. Os passageiros que viajam com frequ\u00eancia poder\u00e3o comprar seus bilhetes rodovi\u00e1rios antes do reajuste, com validade de 12 meses. J\u00e1 os idosos a partir de 60 anos t\u00eam garantido por lei dois assentos gratuitos nos \u00f4nibus intermunicipais rodovi\u00e1rios. <\/p>\n<p>Elaine Patricia Cruz &#8211; Rep\u00f3rter da Ag\u00eancia Brasil<br \/>\nEdi\u00e7\u00e3o: Jorge Wamburg<\/p>\n","protected":false},"excerpt":{"rendered":"<p>As tarifas de transporte intermunicipal de passageiros do estado de S\u00e3o Paulo foram reajustadas em 10,53% para as linhas rodovi\u00e1rias e 13,40% para as linhas suburbanas. O an\u00fancio foi feito pela Ag\u00eancia de Transporte do Estado de S\u00e3o Paulo (Artesp). O servi\u00e7o rodovi\u00e1rio \u00e9 aquele que opera entre terminais rodovi\u00e1rios ou ag\u00eancias de passagens, com [&hellip;]<\/p>\n","protected":false},"author":2,"featured_media":57584,"comment_status":"open","ping_status":"closed","sticky":false,"template":"","format":"standard","meta":{"_genesis_hide_title":false,"_genesis_hide_breadcrumbs":false,"_genesis_hide_singular_image":false,"_genesis_hide_footer_widgets":false,"_genesis_custom_body_class":"","_genesis_custom_post_class":"","_genesis_layout":"","_jetpack_memberships_contains_paid_content":false,"footnotes":""},"categories":[22,7],"tags":[],"class_list":{"0":"post-72171","1":"post","2":"type-post","3":"status-publish","4":"format-standard","5":"has-post-thumbnail","7":"category-brasil","8":"category-economia","9":"entry","10":"gs-1","11":"gs-odd","12":"gs-even","13":"gs-featured-content-entry"},"jetpack_featured_media_url":"https:\/\/www.redenoticia.com.br\/noticia\/imagens\/economia-grafica-analise-inflacao.jpg","jetpack_sharing_enabled":true,"jetpack_likes_enabled":true,"_links":{"self":[{"href":"https:\/\/www.redenoticia.com.br\/noticia\/wp-json\/wp\/v2\/posts\/72171","targetHints":{"allow":["GET"]}}],"collection":[{"href":"https:\/\/www.redenoticia.com.br\/noticia\/wp-json\/wp\/v2\/posts"}],"about":[{"href":"https:\/\/www.redenoticia.com.br\/noticia\/wp-json\/wp\/v2\/types\/post"}],"author":[{"embeddable":true,"href":"https:\/\/www.redenoticia.com.br\/noticia\/wp-json\/wp\/v2\/users\/2"}],"replies":[{"embeddable":true,"href":"https:\/\/www.redenoticia.com.br\/noticia\/wp-json\/wp\/v2\/comments?post=72171"}],"version-history":[{"count":0,"href":"https:\/\/www.redenoticia.com.br\/noticia\/wp-json\/wp\/v2\/posts\/72171\/revisions"}],"wp:featuredmedia":[{"embeddable":true,"href":"https:\/\/www.redenoticia.com.br\/noticia\/wp-json\/wp\/v2\/media\/57584"}],"wp:attachment":[{"href":"https:\/\/www.redenoticia.com.br\/noticia\/wp-json\/wp\/v2\/media?parent=72171"}],"wp:term":[{"taxonomy":"category","embeddable":true,"href":"https:\/\/www.redenoticia.com.br\/noticia\/wp-json\/wp\/v2\/categories?post=72171"},{"taxonomy":"post_tag","embeddable":true,"href":"https:\/\/www.redenoticia.com.br\/noticia\/wp-json\/wp\/v2\/tags?post=72171"}],"curies":[{"name":"wp","href":"https:\/\/api.w.org\/{rel}","templated":true}]}}