{"id":72169,"date":"2015-07-04T05:43:16","date_gmt":"2015-07-04T08:43:16","guid":{"rendered":"http:\/\/www.redenoticia.com.br\/noticia\/?p=72169"},"modified":"2015-07-04T05:43:16","modified_gmt":"2015-07-04T08:43:16","slug":"fies-vai-considerar-classificacao-de-alunos-no-enem","status":"publish","type":"post","link":"https:\/\/www.redenoticia.com.br\/noticia\/2015\/fies-vai-considerar-classificacao-de-alunos-no-enem\/72169","title":{"rendered":"Fies vai considerar classifica\u00e7\u00e3o de alunos no Enem"},"content":{"rendered":"<p> O desempenho no Exame Nacional do Ensino M\u00e9dio (Enem) ser\u00e1 considerado na classifica\u00e7\u00e3o dos estudantes para obter novos contratos do Fundo de Financiamento Estudantil (<strong><em>Fies<\/em><\/strong>). Na \u00faltima edi\u00e7\u00e3o do Fies, houve a exig\u00eancia de nota m\u00ednima de 450 pontos no exame, mas as vagas eram preenchidas de acordo com a ordem de inscri\u00e7\u00e3o do estudante no curso. Para a classifica\u00e7\u00e3o, ser\u00e1 considerada a edi\u00e7\u00e3o do Enem em que o estudante tenha obtido a maior m\u00e9dia.<\/p>\n<p>As informa\u00e7\u00f5es est\u00e3o em portaria publicada no Di\u00e1rio Oficial da Uni\u00e3o com as regras do Fies que passam a valer para novos contratos firmados a partir deste semestre.<\/p>\n<p>Uma das condi\u00e7\u00f5es para obter o Fies \u00e9 ter feito a prova do Enem, a partir da edi\u00e7\u00e3o de 2010, obtido m\u00e9dia superior a 450 pontos e n\u00e3o ter tirado nota 0 na reda\u00e7\u00e3o.<\/p>\n<p>A portaria, no entanto, reserva 10% das vagas selecionadas em cada curso para dois casos em que essa exig\u00eancia ser\u00e1 dispensada: estudantes que tenham conclu\u00eddo o ensino m\u00e9dio antes de 2010 e n\u00e3o tenham participado do Enem ap\u00f3s esse ano e professores da rede p\u00fablica que n\u00e3o fizeram a prova do Enem a partir de 2010 e se inscreveram nos cursos de licenciatura, normal superior ou pedagogia. Nesses casos, a classifica\u00e7\u00e3o ser\u00e1 com base em crit\u00e9rios como renda familiar, ra\u00e7a e estudo em escola p\u00fablica ou privada.<\/p>\n<p>A partir do ano que vem, a exig\u00eancia de nota no Enem passar\u00e1 a valer para todos os casos, de acordo com portaria publicada em maio pelo Minist\u00e9rio da Educa\u00e7\u00e3o (MEC).<\/p>\n<p>A portaria ainda oficializa mudan\u00e7as anunciadas pelo MEC, que estabelecem prioridade na oferta de vagas para as regi\u00f5es Norte, Nordeste e Cento-Oeste \u2013 exclu\u00eddo o Distrito Federal \u2013 e em cursos das \u00e1reas de engenharia, sa\u00fade e forma\u00e7\u00e3o de professores. Ter\u00e3o prioridade os cursos com nota 4 e 5 nas avalia\u00e7\u00f5es do minist\u00e9rio \u2013 a nota m\u00e1xima \u00e9 5. O edital do Fies com a data de in\u00edcio das inscri\u00e7\u00f5es deve ser publicada nos pr\u00f3ximos dias pelo MEC.<\/p>\n<p>Yara Aquino \u2013 Rep\u00f3rter da Ag\u00eancia Brasil<br \/>\nEdi\u00e7\u00e3o: Jos\u00e9 Romildo<\/p>\n","protected":false},"excerpt":{"rendered":"<p>O desempenho no Exame Nacional do Ensino M\u00e9dio (Enem) ser\u00e1 considerado na classifica\u00e7\u00e3o dos estudantes para obter novos contratos do Fundo de Financiamento Estudantil (Fies). Na \u00faltima edi\u00e7\u00e3o do Fies, houve a exig\u00eancia de nota m\u00ednima de 450 pontos no exame, mas as vagas eram preenchidas de acordo com a ordem de inscri\u00e7\u00e3o do estudante [&hellip;]<\/p>\n","protected":false},"author":2,"featured_media":26465,"comment_status":"open","ping_status":"closed","sticky":false,"template":"","format":"standard","meta":{"_genesis_hide_title":false,"_genesis_hide_breadcrumbs":false,"_genesis_hide_singular_image":false,"_genesis_hide_footer_widgets":false,"_genesis_custom_body_class":"","_genesis_custom_post_class":"","_genesis_layout":"","_jetpack_memberships_contains_paid_content":false,"footnotes":""},"categories":[22],"tags":[],"class_list":{"0":"post-72169","1":"post","2":"type-post","3":"status-publish","4":"format-standard","5":"has-post-thumbnail","7":"category-brasil","8":"entry","9":"gs-1","10":"gs-odd","11":"gs-even","12":"gs-featured-content-entry"},"jetpack_featured_media_url":"https:\/\/www.redenoticia.com.br\/noticia\/imagens\/fies-financiamento-estudantil-inscricao-resultado.jpg","jetpack_sharing_enabled":true,"jetpack_likes_enabled":true,"_links":{"self":[{"href":"https:\/\/www.redenoticia.com.br\/noticia\/wp-json\/wp\/v2\/posts\/72169","targetHints":{"allow":["GET"]}}],"collection":[{"href":"https:\/\/www.redenoticia.com.br\/noticia\/wp-json\/wp\/v2\/posts"}],"about":[{"href":"https:\/\/www.redenoticia.com.br\/noticia\/wp-json\/wp\/v2\/types\/post"}],"author":[{"embeddable":true,"href":"https:\/\/www.redenoticia.com.br\/noticia\/wp-json\/wp\/v2\/users\/2"}],"replies":[{"embeddable":true,"href":"https:\/\/www.redenoticia.com.br\/noticia\/wp-json\/wp\/v2\/comments?post=72169"}],"version-history":[{"count":0,"href":"https:\/\/www.redenoticia.com.br\/noticia\/wp-json\/wp\/v2\/posts\/72169\/revisions"}],"wp:featuredmedia":[{"embeddable":true,"href":"https:\/\/www.redenoticia.com.br\/noticia\/wp-json\/wp\/v2\/media\/26465"}],"wp:attachment":[{"href":"https:\/\/www.redenoticia.com.br\/noticia\/wp-json\/wp\/v2\/media?parent=72169"}],"wp:term":[{"taxonomy":"category","embeddable":true,"href":"https:\/\/www.redenoticia.com.br\/noticia\/wp-json\/wp\/v2\/categories?post=72169"},{"taxonomy":"post_tag","embeddable":true,"href":"https:\/\/www.redenoticia.com.br\/noticia\/wp-json\/wp\/v2\/tags?post=72169"}],"curies":[{"name":"wp","href":"https:\/\/api.w.org\/{rel}","templated":true}]}}