{"id":72165,"date":"2015-07-04T05:38:33","date_gmt":"2015-07-04T08:38:33","guid":{"rendered":"http:\/\/www.redenoticia.com.br\/noticia\/?p=72165"},"modified":"2015-07-04T05:38:33","modified_gmt":"2015-07-04T08:38:33","slug":"der-intensifica-campanha-de-seguranca-na-operacao-inverno","status":"publish","type":"post","link":"https:\/\/www.redenoticia.com.br\/noticia\/2015\/der-intensifica-campanha-de-seguranca-na-operacao-inverno\/72165","title":{"rendered":"DER intensifica campanha de seguran\u00e7a na Opera\u00e7\u00e3o Inverno"},"content":{"rendered":"<p> Para ampliar a <strong><em>seguran\u00e7a dos motoristas no per\u00edodo de f\u00e9rias<\/em><\/strong>, o DER (Departamento de Estradas de Rodagem) iniciou a Campanha de Seguran\u00e7a. A a\u00e7\u00e3o faz parte da Opera\u00e7\u00e3o Inverno 2015 e ser\u00e1 desenvolvida nas rodovias de acesso \u00e0 Regi\u00e3o Serrana, de Campos do Jord\u00e3o e Circuito das \u00c1guas (Lind\u00f3ia, \u00c1guas de Lind\u00f3ia e Serra Negra).<\/p>\n<p>O objetivo \u00e9 conscientizar e alertar os motoristas sobre importantes temas de seguran\u00e7a rodovi\u00e1ria, principalmente durante a temporada de f\u00e9rias, quando o movimento nas rodovias cresce sensivelmente. Haver\u00e1 distribui\u00e7\u00e3o de postais e brindes nas rodovias, al\u00e9m de faixas estrat\u00e9gicas com mensagens educativas.<\/p>\n<p>A pra\u00e7a Capivari, em Campos do Jord\u00e3o, receber\u00e1 um simulador de dire\u00e7\u00e3o veicular em 3D que recria situa\u00e7\u00f5es reais como dirigir em estrada de terra, dirigir sob o efeito do \u00e1lcool e em situa\u00e7\u00f5es de risco. Ao final, o visitante saber\u00e1 como foi seu comportamento em rela\u00e7\u00f5es \u00e0s infra\u00e7\u00f5es cometidas. Para o p\u00fablico infantil, uma van institucional oferece jogos e brincadeiras.<\/p>\n<p>As a\u00e7\u00f5es ser\u00e3o realizadas nas rodovias Pedro Astenori Marigliani (SP-008), Bevenuto Moretto (SP-095), Floriano Rodrigues Pinheiro (SP-123), Oct\u00e1vio de Oliveira Santos (SP-147), Engenheiro Const\u00e2ncio Cintra (SP-360) e Raposo Tavares (SP-270), trecho S\u00e3o Paulo &#8211; Cotia, durante os finais de semana, at\u00e9 o dia 9 de agosto.<\/p>\n<p>Na Rodovia Floriano Rodrigues Pinheiro, rota de acesso a Campos do Jord\u00e3o, ser\u00e1 instalado um posto para oferecer servi\u00e7os gratuitos aos motoristas, como cristaliza\u00e7\u00e3o de para-brisa, revis\u00e3o de luzes, an\u00e1lises de poluentes e calibragem de pneus.<\/p>\n<p>Do Portal do Governo do Estado <\/p>\n","protected":false},"excerpt":{"rendered":"<p>Para ampliar a seguran\u00e7a dos motoristas no per\u00edodo de f\u00e9rias, o DER (Departamento de Estradas de Rodagem) iniciou a Campanha de Seguran\u00e7a. A a\u00e7\u00e3o faz parte da Opera\u00e7\u00e3o Inverno 2015 e ser\u00e1 desenvolvida nas rodovias de acesso \u00e0 Regi\u00e3o Serrana, de Campos do Jord\u00e3o e Circuito das \u00c1guas (Lind\u00f3ia, \u00c1guas de Lind\u00f3ia e Serra Negra). [&hellip;]<\/p>\n","protected":false},"author":2,"featured_media":35207,"comment_status":"open","ping_status":"closed","sticky":false,"template":"","format":"standard","meta":{"_genesis_hide_title":false,"_genesis_hide_breadcrumbs":false,"_genesis_hide_singular_image":false,"_genesis_hide_footer_widgets":false,"_genesis_custom_body_class":"","_genesis_custom_post_class":"","_genesis_layout":"","_jetpack_memberships_contains_paid_content":false,"footnotes":""},"categories":[22],"tags":[],"class_list":{"0":"post-72165","1":"post","2":"type-post","3":"status-publish","4":"format-standard","5":"has-post-thumbnail","7":"category-brasil","8":"entry","9":"gs-1","10":"gs-odd","11":"gs-even","12":"gs-featured-content-entry"},"jetpack_featured_media_url":"https:\/\/www.redenoticia.com.br\/noticia\/imagens\/transito-estradas.jpg","jetpack_sharing_enabled":true,"jetpack_likes_enabled":true,"_links":{"self":[{"href":"https:\/\/www.redenoticia.com.br\/noticia\/wp-json\/wp\/v2\/posts\/72165","targetHints":{"allow":["GET"]}}],"collection":[{"href":"https:\/\/www.redenoticia.com.br\/noticia\/wp-json\/wp\/v2\/posts"}],"about":[{"href":"https:\/\/www.redenoticia.com.br\/noticia\/wp-json\/wp\/v2\/types\/post"}],"author":[{"embeddable":true,"href":"https:\/\/www.redenoticia.com.br\/noticia\/wp-json\/wp\/v2\/users\/2"}],"replies":[{"embeddable":true,"href":"https:\/\/www.redenoticia.com.br\/noticia\/wp-json\/wp\/v2\/comments?post=72165"}],"version-history":[{"count":0,"href":"https:\/\/www.redenoticia.com.br\/noticia\/wp-json\/wp\/v2\/posts\/72165\/revisions"}],"wp:featuredmedia":[{"embeddable":true,"href":"https:\/\/www.redenoticia.com.br\/noticia\/wp-json\/wp\/v2\/media\/35207"}],"wp:attachment":[{"href":"https:\/\/www.redenoticia.com.br\/noticia\/wp-json\/wp\/v2\/media?parent=72165"}],"wp:term":[{"taxonomy":"category","embeddable":true,"href":"https:\/\/www.redenoticia.com.br\/noticia\/wp-json\/wp\/v2\/categories?post=72165"},{"taxonomy":"post_tag","embeddable":true,"href":"https:\/\/www.redenoticia.com.br\/noticia\/wp-json\/wp\/v2\/tags?post=72165"}],"curies":[{"name":"wp","href":"https:\/\/api.w.org\/{rel}","templated":true}]}}