{"id":72163,"date":"2015-07-04T05:36:05","date_gmt":"2015-07-04T08:36:05","guid":{"rendered":"http:\/\/www.redenoticia.com.br\/noticia\/?p=72163"},"modified":"2015-07-04T05:36:05","modified_gmt":"2015-07-04T08:36:05","slug":"pesquisa-do-procon-sp-mostra-evolucao-das-tarifas-bancarias","status":"publish","type":"post","link":"https:\/\/www.redenoticia.com.br\/noticia\/2015\/pesquisa-do-procon-sp-mostra-evolucao-das-tarifas-bancarias\/72163","title":{"rendered":"Pesquisa do Procon-SP mostra evolu\u00e7\u00e3o das tarifas banc\u00e1rias"},"content":{"rendered":"<p>A diferen\u00e7a de valor entre os <em><strong>servi\u00e7os banc\u00e1rios<\/strong><\/em> priorit\u00e1rios pode chegar a 447,50%. \u00c9 o que aponta pesquisa do Procon-SP que analisou e comparou os valores de servi\u00e7os priorit\u00e1rios e de pacotes padronizados de sete institui\u00e7\u00f5es financeiras. Os valores foram coletados nos pr\u00f3prios sites dos bancos. Veja .<\/p>\n<p>O estudo avaliou a evolu\u00e7\u00e3o das tarifas banc\u00e1rias e comparou os valores praticados pelos bancos. Na compara\u00e7\u00e3o feita pelo Procon-SP, a maior diferen\u00e7a de valores foi encontrada no Pacote Padronizado II. O menor valor cobrado por ele \u00e9 de R$ 11,90 no HSBC, enquanto que no Ita\u00fa o mesmo pacote custa R$ 16,40. Ou seja, 37,82% mais caro.<\/p>\n<p>Na compara\u00e7\u00e3o entre as institui\u00e7\u00f5es financeiras pesquisadas em 2015 e 2014 referente aos Pacotes Padronizados I, II, III e IV; o valor m\u00e9dio aumentou em todos os pacotes, sendo que a maior varia\u00e7\u00e3o positiva ocorreu no Pacote Padronizado III.<\/p>\n<p>A Funda\u00e7\u00e3o orienta aos consumidores sempre observar os diversos canais de atendimento (presencial, internet, auto-atendimento e outros meios eletr\u00f4nicos) disponibilizados pelo banco, pois eles podem apresentar diferen\u00e7as significativas de tarifas. No caso de optar pela contrata\u00e7\u00e3o de um pacote, verificar se os servi\u00e7os inclusos e suas respectivas quantidades est\u00e3o de acordo com sua utiliza\u00e7\u00e3o.<\/p>\n<p>\u00c9 importante n\u00e3o extrapolar a quantidade de servi\u00e7os estipulada no pacote contratado, para evitar pagar tamb\u00e9m a tarifa individual. Lembrando que a contrata\u00e7\u00e3o do pacote n\u00e3o \u00e9 obrigat\u00f3ria, n\u00e3o podendo ser imposta pelo Banco.<\/p>\n<p>Veja mais dicas e orienta\u00e7\u00f5es sobre defesa do consumidor no\u00a0.<\/p>\n<p>Do Portal do Governo do Estado SP<\/p>\n","protected":false},"excerpt":{"rendered":"<p>A diferen\u00e7a de valor entre os servi\u00e7os banc\u00e1rios priorit\u00e1rios pode chegar a 447,50%. \u00c9 o que aponta pesquisa do Procon-SP que analisou e comparou os valores de servi\u00e7os priorit\u00e1rios e de pacotes padronizados de sete institui\u00e7\u00f5es financeiras. Os valores foram coletados nos pr\u00f3prios sites dos bancos. Veja . O estudo avaliou a evolu\u00e7\u00e3o das tarifas [&hellip;]<\/p>\n","protected":false},"author":2,"featured_media":57582,"comment_status":"open","ping_status":"closed","sticky":false,"template":"","format":"standard","meta":{"_genesis_hide_title":false,"_genesis_hide_breadcrumbs":false,"_genesis_hide_singular_image":false,"_genesis_hide_footer_widgets":false,"_genesis_custom_body_class":"","_genesis_custom_post_class":"","_genesis_layout":"","_jetpack_memberships_contains_paid_content":false,"footnotes":""},"categories":[22,7],"tags":[],"class_list":{"0":"post-72163","1":"post","2":"type-post","3":"status-publish","4":"format-standard","5":"has-post-thumbnail","7":"category-brasil","8":"category-economia","9":"entry","10":"gs-1","11":"gs-odd","12":"gs-even","13":"gs-featured-content-entry"},"jetpack_featured_media_url":"https:\/\/www.redenoticia.com.br\/noticia\/imagens\/grafico1.jpg","jetpack_sharing_enabled":true,"jetpack_likes_enabled":true,"_links":{"self":[{"href":"https:\/\/www.redenoticia.com.br\/noticia\/wp-json\/wp\/v2\/posts\/72163","targetHints":{"allow":["GET"]}}],"collection":[{"href":"https:\/\/www.redenoticia.com.br\/noticia\/wp-json\/wp\/v2\/posts"}],"about":[{"href":"https:\/\/www.redenoticia.com.br\/noticia\/wp-json\/wp\/v2\/types\/post"}],"author":[{"embeddable":true,"href":"https:\/\/www.redenoticia.com.br\/noticia\/wp-json\/wp\/v2\/users\/2"}],"replies":[{"embeddable":true,"href":"https:\/\/www.redenoticia.com.br\/noticia\/wp-json\/wp\/v2\/comments?post=72163"}],"version-history":[{"count":0,"href":"https:\/\/www.redenoticia.com.br\/noticia\/wp-json\/wp\/v2\/posts\/72163\/revisions"}],"wp:featuredmedia":[{"embeddable":true,"href":"https:\/\/www.redenoticia.com.br\/noticia\/wp-json\/wp\/v2\/media\/57582"}],"wp:attachment":[{"href":"https:\/\/www.redenoticia.com.br\/noticia\/wp-json\/wp\/v2\/media?parent=72163"}],"wp:term":[{"taxonomy":"category","embeddable":true,"href":"https:\/\/www.redenoticia.com.br\/noticia\/wp-json\/wp\/v2\/categories?post=72163"},{"taxonomy":"post_tag","embeddable":true,"href":"https:\/\/www.redenoticia.com.br\/noticia\/wp-json\/wp\/v2\/tags?post=72163"}],"curies":[{"name":"wp","href":"https:\/\/api.w.org\/{rel}","templated":true}]}}