{"id":72113,"date":"2015-07-02T18:02:52","date_gmt":"2015-07-02T21:02:52","guid":{"rendered":"http:\/\/www.redenoticia.com.br\/noticia\/?p=72113"},"modified":"2015-07-02T18:14:34","modified_gmt":"2015-07-02T21:14:34","slug":"pedidos-de-recuperacao-de-empresas-no-1o-semestre-e-recorde-desde-2006","status":"publish","type":"post","link":"https:\/\/www.redenoticia.com.br\/noticia\/2015\/pedidos-de-recuperacao-de-empresas-no-1o-semestre-e-recorde-desde-2006\/72113","title":{"rendered":"Pedidos de recupera\u00e7\u00e3o de empresas no 1\u00ba semestre \u00e9 recorde desde 2006"},"content":{"rendered":"<p> As <strong><em>recupera\u00e7\u00f5es judiciais<\/em><\/strong> requeridas pelas empresas totalizaram 492 ocorr\u00eancias no primeiro semestre do ano, de acordo com Indicador Serasa Experian de Fal\u00eancias e Recupera\u00e7\u00f5es. Este patamar \u00e9 recorde para o acumulado de um primeiro semestre desde 2006, ap\u00f3s a entrada em vigor da Nova Lei de Fal\u00eancias.<\/p>\n<p>De acordo com os economistas da Serasa Experian, o atual quadro recessivo da atividade econ\u00f4mica dificulta a gera\u00e7\u00e3o de caixa das empresas, impondo dificuldades financeiras. As sucessivas eleva\u00e7\u00f5es das taxas de juros aumentam as despesas financeiras das empresas, agravando a situa\u00e7\u00e3o da solv\u00eancia empresarial.<\/p>\n<p>As micro e pequenas empresas lideraram os requerimentos de recupera\u00e7\u00e3o judicial de janeiro a junho de 2015, com 255 pedidos, seguidas das empresas de m\u00e9dio porte, com 147, e das grandes empresas, com 90.<\/p>\n<p>J\u00e1 os pedidos de fal\u00eancia chegaram a 798 em todo o pa\u00eds, o que representa aumento de 0,8% em rela\u00e7\u00e3o aos 792 requerimentos do mesmo per\u00edodo de 2014.<\/p>\n<p>Segundo os dados, 410 pedidos foram de micro e pequenas empresas (alta de 1,74% em rela\u00e7\u00e3o ao mesmo per\u00edodo de 2014), 181 de m\u00e9dias empresas (recuo de 7,65% na compara\u00e7\u00e3o com 2014) e 207 de grandes empresas (alta de 7,25% sobre os dados de 2014).<\/p>\n<p>Fl\u00e1via Albuquerque \u2013 Rep\u00f3rter da Ag\u00eancia Brasil<br \/>\nEdi\u00e7\u00e3o: Denise Griesinger<\/p>\n","protected":false},"excerpt":{"rendered":"<p>As recupera\u00e7\u00f5es judiciais requeridas pelas empresas totalizaram 492 ocorr\u00eancias no primeiro semestre do ano, de acordo com Indicador Serasa Experian de Fal\u00eancias e Recupera\u00e7\u00f5es. Este patamar \u00e9 recorde para o acumulado de um primeiro semestre desde 2006, ap\u00f3s a entrada em vigor da Nova Lei de Fal\u00eancias. De acordo com os economistas da Serasa Experian, [&hellip;]<\/p>\n","protected":false},"author":2,"featured_media":38938,"comment_status":"open","ping_status":"closed","sticky":false,"template":"","format":"standard","meta":{"_genesis_hide_title":false,"_genesis_hide_breadcrumbs":false,"_genesis_hide_singular_image":false,"_genesis_hide_footer_widgets":false,"_genesis_custom_body_class":"","_genesis_custom_post_class":"","_genesis_layout":"","_jetpack_memberships_contains_paid_content":false,"footnotes":""},"categories":[22,7],"tags":[],"class_list":{"0":"post-72113","1":"post","2":"type-post","3":"status-publish","4":"format-standard","5":"has-post-thumbnail","7":"category-brasil","8":"category-economia","9":"entry","10":"gs-1","11":"gs-odd","12":"gs-even","13":"gs-featured-content-entry"},"jetpack_featured_media_url":"https:\/\/www.redenoticia.com.br\/noticia\/imagens\/economia1.jpg","jetpack_sharing_enabled":true,"jetpack_likes_enabled":true,"_links":{"self":[{"href":"https:\/\/www.redenoticia.com.br\/noticia\/wp-json\/wp\/v2\/posts\/72113","targetHints":{"allow":["GET"]}}],"collection":[{"href":"https:\/\/www.redenoticia.com.br\/noticia\/wp-json\/wp\/v2\/posts"}],"about":[{"href":"https:\/\/www.redenoticia.com.br\/noticia\/wp-json\/wp\/v2\/types\/post"}],"author":[{"embeddable":true,"href":"https:\/\/www.redenoticia.com.br\/noticia\/wp-json\/wp\/v2\/users\/2"}],"replies":[{"embeddable":true,"href":"https:\/\/www.redenoticia.com.br\/noticia\/wp-json\/wp\/v2\/comments?post=72113"}],"version-history":[{"count":0,"href":"https:\/\/www.redenoticia.com.br\/noticia\/wp-json\/wp\/v2\/posts\/72113\/revisions"}],"wp:featuredmedia":[{"embeddable":true,"href":"https:\/\/www.redenoticia.com.br\/noticia\/wp-json\/wp\/v2\/media\/38938"}],"wp:attachment":[{"href":"https:\/\/www.redenoticia.com.br\/noticia\/wp-json\/wp\/v2\/media?parent=72113"}],"wp:term":[{"taxonomy":"category","embeddable":true,"href":"https:\/\/www.redenoticia.com.br\/noticia\/wp-json\/wp\/v2\/categories?post=72113"},{"taxonomy":"post_tag","embeddable":true,"href":"https:\/\/www.redenoticia.com.br\/noticia\/wp-json\/wp\/v2\/tags?post=72113"}],"curies":[{"name":"wp","href":"https:\/\/api.w.org\/{rel}","templated":true}]}}