{"id":72111,"date":"2015-07-02T18:06:33","date_gmt":"2015-07-02T21:06:33","guid":{"rendered":"http:\/\/www.redenoticia.com.br\/noticia\/?p=72111"},"modified":"2015-07-02T18:15:03","modified_gmt":"2015-07-02T21:15:03","slug":"capacidade-instalada-da-industria-caiu-para-801-em-maio-aponta-cni","status":"publish","type":"post","link":"https:\/\/www.redenoticia.com.br\/noticia\/2015\/capacidade-instalada-da-industria-caiu-para-801-em-maio-aponta-cni\/72111","title":{"rendered":"Capacidade instalada da ind\u00fastria caiu para 80,1% em maio, aponta CNI"},"content":{"rendered":"<p> A <strong><em>utiliza\u00e7\u00e3o da capacidade instalada na ind\u00fastria<\/em><\/strong> recuou para 80,1% em maio com queda de 0,4 ponto percentual em compara\u00e7\u00e3o a abril, informou a Confedera\u00e7\u00e3o Nacional da Ind\u00fastria (CNI). A queda foi mais intensa se comparada com maio do ano passado (81,1%). Os dados j\u00e1 dessazonalizados (sem levar em conta atividades t\u00edpicas de cada m\u00eas, como feriados) mostram que, com exce\u00e7\u00e3o do faturamento, todos os indicadores industriais ca\u00edram.<\/p>\n<p>Em maio, o faturamento real \u2013 indicador dessazonalizado \u2013 registrou alta de 1,6% ante abril. O resultado, no entanto, indica que a queda sofrida em abril foi revertida apenas em parte e est\u00e1 10,1% inferior se comparada a maio de 2014.<\/p>\n<p> As horas trabalhadas na produ\u00e7\u00e3o ca\u00edram 0,5% no m\u00eas passado, tamb\u00e9m sem influ\u00eancias sazonais. Se comparada com maio de 2014, o indicador registra queda de 10,2%. O emprego recuou 0,9% na compara\u00e7\u00e3o entre abril e maio e 5,6% ante o mesmo m\u00eas do ano passado. Houve tamb\u00e9m recuo na massa salarial de 1,2% e 5,9%, respectivamente, na mesma compara\u00e7\u00e3o.<\/p>\n<p>O rendimento m\u00e9dio real do trabalhador da ind\u00fastria caiu 0,3% em maio na compara\u00e7\u00e3o com abril e 0,4% ante maio de 2014.<\/p>\n<p>Segundo o Instituto Brasileiro de Geografia e Estat\u00edstica (IBGE) a produ\u00e7\u00e3o industrial brasileira cresceu 0,6% em maio na compara\u00e7\u00e3o com abril. O resultado interrompe um per\u00edodo de queda de tr\u00eas meses consecutivos em rela\u00e7\u00e3o os meses imediatamente anteriores, mas ficou 8,8% abaixo do registrado no ano passado.<\/p>\n<p>O IBGE informou, ainda, que a produ\u00e7\u00e3o industrial brasileira acumula queda de 6,9% em 2015 e de 5,3% quando analisado o per\u00edodo de doze meses encerrado em maio. A CNI e o IBGE utilizam metodologias diferentes para esse tipo de c\u00e1lculo.<\/p>\n<p>Da Ag\u00eancia Brasil<br \/>\nEdi\u00e7\u00e3o: Marcos Chagas<\/p>\n","protected":false},"excerpt":{"rendered":"<p>A utiliza\u00e7\u00e3o da capacidade instalada na ind\u00fastria recuou para 80,1% em maio com queda de 0,4 ponto percentual em compara\u00e7\u00e3o a abril, informou a Confedera\u00e7\u00e3o Nacional da Ind\u00fastria (CNI). A queda foi mais intensa se comparada com maio do ano passado (81,1%). Os dados j\u00e1 dessazonalizados (sem levar em conta atividades t\u00edpicas de cada m\u00eas, [&hellip;]<\/p>\n","protected":false},"author":2,"featured_media":57583,"comment_status":"open","ping_status":"closed","sticky":false,"template":"","format":"standard","meta":{"_genesis_hide_title":false,"_genesis_hide_breadcrumbs":false,"_genesis_hide_singular_image":false,"_genesis_hide_footer_widgets":false,"_genesis_custom_body_class":"","_genesis_custom_post_class":"","_genesis_layout":"","_jetpack_memberships_contains_paid_content":false,"footnotes":""},"categories":[22,7],"tags":[],"class_list":{"0":"post-72111","1":"post","2":"type-post","3":"status-publish","4":"format-standard","5":"has-post-thumbnail","7":"category-brasil","8":"category-economia","9":"entry","10":"gs-1","11":"gs-odd","12":"gs-even","13":"gs-featured-content-entry"},"jetpack_featured_media_url":"https:\/\/www.redenoticia.com.br\/noticia\/imagens\/economia-grafico.jpg","jetpack_sharing_enabled":true,"jetpack_likes_enabled":true,"_links":{"self":[{"href":"https:\/\/www.redenoticia.com.br\/noticia\/wp-json\/wp\/v2\/posts\/72111","targetHints":{"allow":["GET"]}}],"collection":[{"href":"https:\/\/www.redenoticia.com.br\/noticia\/wp-json\/wp\/v2\/posts"}],"about":[{"href":"https:\/\/www.redenoticia.com.br\/noticia\/wp-json\/wp\/v2\/types\/post"}],"author":[{"embeddable":true,"href":"https:\/\/www.redenoticia.com.br\/noticia\/wp-json\/wp\/v2\/users\/2"}],"replies":[{"embeddable":true,"href":"https:\/\/www.redenoticia.com.br\/noticia\/wp-json\/wp\/v2\/comments?post=72111"}],"version-history":[{"count":0,"href":"https:\/\/www.redenoticia.com.br\/noticia\/wp-json\/wp\/v2\/posts\/72111\/revisions"}],"wp:featuredmedia":[{"embeddable":true,"href":"https:\/\/www.redenoticia.com.br\/noticia\/wp-json\/wp\/v2\/media\/57583"}],"wp:attachment":[{"href":"https:\/\/www.redenoticia.com.br\/noticia\/wp-json\/wp\/v2\/media?parent=72111"}],"wp:term":[{"taxonomy":"category","embeddable":true,"href":"https:\/\/www.redenoticia.com.br\/noticia\/wp-json\/wp\/v2\/categories?post=72111"},{"taxonomy":"post_tag","embeddable":true,"href":"https:\/\/www.redenoticia.com.br\/noticia\/wp-json\/wp\/v2\/tags?post=72111"}],"curies":[{"name":"wp","href":"https:\/\/api.w.org\/{rel}","templated":true}]}}