{"id":72109,"date":"2015-07-02T18:09:00","date_gmt":"2015-07-02T21:09:00","guid":{"rendered":"http:\/\/www.redenoticia.com.br\/noticia\/?p=72109"},"modified":"2015-07-02T18:14:05","modified_gmt":"2015-07-02T21:14:05","slug":"inflacao-em-sao-paulo-registra-810-nos-ultimos-12-meses-aponta-fipe","status":"publish","type":"post","link":"https:\/\/www.redenoticia.com.br\/noticia\/2015\/inflacao-em-sao-paulo-registra-810-nos-ultimos-12-meses-aponta-fipe\/72109","title":{"rendered":"Infla\u00e7\u00e3o em S\u00e3o Paulo registra 8,10% nos \u00faltimos 12 meses, aponta Fipe"},"content":{"rendered":"<p> O \u00cdndice de Pre\u00e7os ao Consumidor (IPC), medido pela Funda\u00e7\u00e3o Instituto de Pesquisas Econ\u00f4micas (Fipe), que registra a <strong><em>infla\u00e7\u00e3o<\/em><\/strong> na cidade de S\u00e3o Paulo, caiu para 0,47% em junho. Na terceira pr\u00e9via do m\u00eas de junho, a infla\u00e7\u00e3o foi 0,54%. Segundo a pesquisa, o acumulado dos \u00faltimos 12 meses variou 8,10%.<\/p>\n<p>Cinco classes de despesa registraram desacelera\u00e7\u00e3o: despesas pessoais, que passaram de 0,88% para 0,83%; alimenta\u00e7\u00e3o, que teve redu\u00e7\u00e3o de 0,86% para 0,58%; transporte, de 0,09% para 0,04%; educa\u00e7\u00e3o, de 0,07% para 0,02%, e sa\u00fade, de 0,49% para 0,42% .<\/p>\n<p>Os grupos que mostraram avan\u00e7o foram habita\u00e7\u00e3o, cuja taxa variou de 0,59% para 0,61%, e vestu\u00e1rio, que passou de -0,05% para 0,04%.<\/p>\n<p>Fernanda Cruz &#8211; Rep\u00f3rter da Ag\u00eancia Brasil<br \/>\nEdi\u00e7\u00e3o: Jos\u00e9 Romildo<\/p>\n<p>&#8212;<br \/>\nA Empresa Brasil de Comunica\u00e7\u00e3o \u00e9 uma institui\u00e7\u00e3o da democracia brasileira: p\u00fablica, inclusiva e cidad\u00e3.  Criada em 2007 para fortalecer o sistema p\u00fablico de comunica\u00e7\u00e3o, \u00e9 gestora dos canais TV Brasil, TV Brasil Internacional, Ag\u00eancia Brasil, Radioag\u00eancia Nacional e do sistema p\u00fablico de R\u00e1dio \u2013 composto por oito emissoras. Estes, por sua independ\u00eancia editorial, distinguem-se dos canais estatais ou governamentais, com conte\u00fados diferenciados e complementares aos canais privados. Os ve\u00edculos da EBC t\u00eam autonomia para definir produ\u00e7\u00e3o, programa\u00e7\u00e3o e distribui\u00e7\u00e3o de conte\u00fados.<\/p>\n","protected":false},"excerpt":{"rendered":"<p>O \u00cdndice de Pre\u00e7os ao Consumidor (IPC), medido pela Funda\u00e7\u00e3o Instituto de Pesquisas Econ\u00f4micas (Fipe), que registra a infla\u00e7\u00e3o na cidade de S\u00e3o Paulo, caiu para 0,47% em junho. Na terceira pr\u00e9via do m\u00eas de junho, a infla\u00e7\u00e3o foi 0,54%. Segundo a pesquisa, o acumulado dos \u00faltimos 12 meses variou 8,10%. Cinco classes de despesa [&hellip;]<\/p>\n","protected":false},"author":2,"featured_media":57584,"comment_status":"open","ping_status":"closed","sticky":false,"template":"","format":"standard","meta":{"_genesis_hide_title":false,"_genesis_hide_breadcrumbs":false,"_genesis_hide_singular_image":false,"_genesis_hide_footer_widgets":false,"_genesis_custom_body_class":"","_genesis_custom_post_class":"","_genesis_layout":"","_jetpack_memberships_contains_paid_content":false,"footnotes":""},"categories":[22,7],"tags":[],"class_list":{"0":"post-72109","1":"post","2":"type-post","3":"status-publish","4":"format-standard","5":"has-post-thumbnail","7":"category-brasil","8":"category-economia","9":"entry","10":"gs-1","11":"gs-odd","12":"gs-even","13":"gs-featured-content-entry"},"jetpack_featured_media_url":"https:\/\/www.redenoticia.com.br\/noticia\/imagens\/economia-grafica-analise-inflacao.jpg","jetpack_sharing_enabled":true,"jetpack_likes_enabled":true,"_links":{"self":[{"href":"https:\/\/www.redenoticia.com.br\/noticia\/wp-json\/wp\/v2\/posts\/72109","targetHints":{"allow":["GET"]}}],"collection":[{"href":"https:\/\/www.redenoticia.com.br\/noticia\/wp-json\/wp\/v2\/posts"}],"about":[{"href":"https:\/\/www.redenoticia.com.br\/noticia\/wp-json\/wp\/v2\/types\/post"}],"author":[{"embeddable":true,"href":"https:\/\/www.redenoticia.com.br\/noticia\/wp-json\/wp\/v2\/users\/2"}],"replies":[{"embeddable":true,"href":"https:\/\/www.redenoticia.com.br\/noticia\/wp-json\/wp\/v2\/comments?post=72109"}],"version-history":[{"count":0,"href":"https:\/\/www.redenoticia.com.br\/noticia\/wp-json\/wp\/v2\/posts\/72109\/revisions"}],"wp:featuredmedia":[{"embeddable":true,"href":"https:\/\/www.redenoticia.com.br\/noticia\/wp-json\/wp\/v2\/media\/57584"}],"wp:attachment":[{"href":"https:\/\/www.redenoticia.com.br\/noticia\/wp-json\/wp\/v2\/media?parent=72109"}],"wp:term":[{"taxonomy":"category","embeddable":true,"href":"https:\/\/www.redenoticia.com.br\/noticia\/wp-json\/wp\/v2\/categories?post=72109"},{"taxonomy":"post_tag","embeddable":true,"href":"https:\/\/www.redenoticia.com.br\/noticia\/wp-json\/wp\/v2\/tags?post=72109"}],"curies":[{"name":"wp","href":"https:\/\/api.w.org\/{rel}","templated":true}]}}