{"id":72107,"date":"2015-07-02T18:08:10","date_gmt":"2015-07-02T21:08:10","guid":{"rendered":"http:\/\/www.redenoticia.com.br\/noticia\/?p=72107"},"modified":"2015-07-02T18:13:34","modified_gmt":"2015-07-02T21:13:34","slug":"pedidos-de-falencia-crescem-no-primeiro-semestre-deste-ano","status":"publish","type":"post","link":"https:\/\/www.redenoticia.com.br\/noticia\/2015\/pedidos-de-falencia-crescem-no-primeiro-semestre-deste-ano\/72107","title":{"rendered":"Pedidos de fal\u00eancia crescem no primeiro semestre deste ano"},"content":{"rendered":"<p> Os pedidos de <strong><em>fal\u00eancia <\/em><\/strong>tiveram alta de 9,2% nos primeiros seis meses deste ano, em compara\u00e7\u00e3o ao mesmo per\u00edodo do ano passado. Os dados s\u00e3o da Boa Vista Servi\u00e7o Central de Prote\u00e7\u00e3o ao Cr\u00e9dito (SCPC). No mesmo per\u00edodo, tamb\u00e9m foi registrada alta nos pedidos de recupera\u00e7\u00e3o judicial, com aumento de 17,2%.<\/p>\n<p>As micro e pequenas empresas representam cerca de 85% dos pedidos de fal\u00eancia e 87% dos pedidos de recupera\u00e7\u00e3o judicial. Entre os setores, o que  apresentou mais casos de pedidos de fal\u00eancia (40%) foi o de servi\u00e7os, seguido pelo setor industrial (34%) e o com\u00e9rcio (26%).<\/p>\n<p>Para a Boa Vista SCPC, isso \u00e9 resultado da fraca atividade econ\u00f4mica, \u201cque reduz a capacidade de gera\u00e7\u00e3o de caixa das empresas\u201d, e do aumento nas taxas de juros e na restri\u00e7\u00e3o ao cr\u00e9dito, \u201cque encarecem o capital de giro, piorando os indicadores de solv\u00eancia das empresas\u201d. A expectativa da Boa Vista SCPC \u00e9 de que os indicadores de fal\u00eancia encerrem o ano em patamares superiores ao de 2014.<\/p>\n<p>Em junho, o n\u00famero de pedidos de fal\u00eancia cresceu 31,9% em rela\u00e7\u00e3o ao mesmo m\u00eas de 2014. <\/p>\n<p>Elaine Patricia Cruz &#8211; Rep\u00f3rter da Ag\u00eancia Brasil<br \/>\nEdi\u00e7\u00e3o: Maria Claudia<\/p>\n","protected":false},"excerpt":{"rendered":"<p>Os pedidos de fal\u00eancia tiveram alta de 9,2% nos primeiros seis meses deste ano, em compara\u00e7\u00e3o ao mesmo per\u00edodo do ano passado. Os dados s\u00e3o da Boa Vista Servi\u00e7o Central de Prote\u00e7\u00e3o ao Cr\u00e9dito (SCPC). No mesmo per\u00edodo, tamb\u00e9m foi registrada alta nos pedidos de recupera\u00e7\u00e3o judicial, com aumento de 17,2%. As micro e pequenas [&hellip;]<\/p>\n","protected":false},"author":2,"featured_media":57582,"comment_status":"open","ping_status":"closed","sticky":false,"template":"","format":"standard","meta":{"_genesis_hide_title":false,"_genesis_hide_breadcrumbs":false,"_genesis_hide_singular_image":false,"_genesis_hide_footer_widgets":false,"_genesis_custom_body_class":"","_genesis_custom_post_class":"","_genesis_layout":"","_jetpack_memberships_contains_paid_content":false,"footnotes":""},"categories":[22,7],"tags":[],"class_list":{"0":"post-72107","1":"post","2":"type-post","3":"status-publish","4":"format-standard","5":"has-post-thumbnail","7":"category-brasil","8":"category-economia","9":"entry","10":"gs-1","11":"gs-odd","12":"gs-even","13":"gs-featured-content-entry"},"jetpack_featured_media_url":"https:\/\/www.redenoticia.com.br\/noticia\/imagens\/grafico1.jpg","jetpack_sharing_enabled":true,"jetpack_likes_enabled":true,"_links":{"self":[{"href":"https:\/\/www.redenoticia.com.br\/noticia\/wp-json\/wp\/v2\/posts\/72107","targetHints":{"allow":["GET"]}}],"collection":[{"href":"https:\/\/www.redenoticia.com.br\/noticia\/wp-json\/wp\/v2\/posts"}],"about":[{"href":"https:\/\/www.redenoticia.com.br\/noticia\/wp-json\/wp\/v2\/types\/post"}],"author":[{"embeddable":true,"href":"https:\/\/www.redenoticia.com.br\/noticia\/wp-json\/wp\/v2\/users\/2"}],"replies":[{"embeddable":true,"href":"https:\/\/www.redenoticia.com.br\/noticia\/wp-json\/wp\/v2\/comments?post=72107"}],"version-history":[{"count":0,"href":"https:\/\/www.redenoticia.com.br\/noticia\/wp-json\/wp\/v2\/posts\/72107\/revisions"}],"wp:featuredmedia":[{"embeddable":true,"href":"https:\/\/www.redenoticia.com.br\/noticia\/wp-json\/wp\/v2\/media\/57582"}],"wp:attachment":[{"href":"https:\/\/www.redenoticia.com.br\/noticia\/wp-json\/wp\/v2\/media?parent=72107"}],"wp:term":[{"taxonomy":"category","embeddable":true,"href":"https:\/\/www.redenoticia.com.br\/noticia\/wp-json\/wp\/v2\/categories?post=72107"},{"taxonomy":"post_tag","embeddable":true,"href":"https:\/\/www.redenoticia.com.br\/noticia\/wp-json\/wp\/v2\/tags?post=72107"}],"curies":[{"name":"wp","href":"https:\/\/api.w.org\/{rel}","templated":true}]}}