{"id":72102,"date":"2015-07-02T17:58:30","date_gmt":"2015-07-02T20:58:30","guid":{"rendered":"http:\/\/www.redenoticia.com.br\/noticia\/?p=72102"},"modified":"2015-07-02T17:58:30","modified_gmt":"2015-07-02T20:58:30","slug":"coreia-do-sul-tem-novo-caso-de-coronavirus","status":"publish","type":"post","link":"https:\/\/www.redenoticia.com.br\/noticia\/2015\/coreia-do-sul-tem-novo-caso-de-coronavirus\/72102","title":{"rendered":"Coreia do Sul tem novo caso de coronav\u00edrus"},"content":{"rendered":"<p> A Coreia do Sul informou ter identificado um novo caso da S\u00edndrome Respirat\u00f3ria do Oriente M\u00e9dio (<strong><em>Mers<\/em><\/strong>), o primeiro em cinco dias.<\/p>\n<p>A paciente, de 24 anos, \u00e9 enfermeira do Centro M\u00e9dico Samsung, em Seul, onde quase metade dos casos de cont\u00e1gio pelo novo coronav\u00edrus foi detectada, indicou o Minist\u00e9rio da Sa\u00fade.<\/p>\n<p>A nova ocorr\u00eancia eleva para 183 o total de casos de Mers na Coreia do Sul, onde 33 pessoas morreram desde o in\u00edcio do surto em 20 de maio.<\/p>\n<p>Trata-se do primeiro cont\u00e1gio desde s\u00e1bado (27). A aus\u00eancia de novas ocorr\u00eancias nos \u00faltimos quatro dias havia sido interpretada como sinal de enfraquecimento do surto.<\/p>\n<p>Depois da Ar\u00e1bia Saudita, a Coreia do Sul \u00e9 o pa\u00eds com maior n\u00famero de casos de Mers.<\/p>\n<p>A doen\u00e7a \u00e9 considerada um &#8220;primo&#8221; mais mortal, mas menos contagioso, do v\u00edrus respons\u00e1vel pela S\u00edndrome Respirat\u00f3ria Aguda Severa (Sars) que, em 2008, deixou cerca de 800 mortos em todo o mundo.<\/p>\n<p> Ag\u00eancia Brasil<br \/>\nFonte Ag\u00eancia Lusa<\/p>\n","protected":false},"excerpt":{"rendered":"<p>A Coreia do Sul informou ter identificado um novo caso da S\u00edndrome Respirat\u00f3ria do Oriente M\u00e9dio (Mers), o primeiro em cinco dias. A paciente, de 24 anos, \u00e9 enfermeira do Centro M\u00e9dico Samsung, em Seul, onde quase metade dos casos de cont\u00e1gio pelo novo coronav\u00edrus foi detectada, indicou o Minist\u00e9rio da Sa\u00fade. A nova ocorr\u00eancia [&hellip;]<\/p>\n","protected":false},"author":2,"featured_media":57579,"comment_status":"open","ping_status":"closed","sticky":false,"template":"","format":"standard","meta":{"_genesis_hide_title":false,"_genesis_hide_breadcrumbs":false,"_genesis_hide_singular_image":false,"_genesis_hide_footer_widgets":false,"_genesis_custom_body_class":"","_genesis_custom_post_class":"","_genesis_layout":"","_jetpack_memberships_contains_paid_content":false,"footnotes":""},"categories":[22],"tags":[],"class_list":{"0":"post-72102","1":"post","2":"type-post","3":"status-publish","4":"format-standard","5":"has-post-thumbnail","7":"category-brasil","8":"entry","9":"gs-1","10":"gs-odd","11":"gs-even","12":"gs-featured-content-entry"},"jetpack_featured_media_url":"https:\/\/www.redenoticia.com.br\/noticia\/imagens\/saude3.jpg","jetpack_sharing_enabled":true,"jetpack_likes_enabled":true,"_links":{"self":[{"href":"https:\/\/www.redenoticia.com.br\/noticia\/wp-json\/wp\/v2\/posts\/72102","targetHints":{"allow":["GET"]}}],"collection":[{"href":"https:\/\/www.redenoticia.com.br\/noticia\/wp-json\/wp\/v2\/posts"}],"about":[{"href":"https:\/\/www.redenoticia.com.br\/noticia\/wp-json\/wp\/v2\/types\/post"}],"author":[{"embeddable":true,"href":"https:\/\/www.redenoticia.com.br\/noticia\/wp-json\/wp\/v2\/users\/2"}],"replies":[{"embeddable":true,"href":"https:\/\/www.redenoticia.com.br\/noticia\/wp-json\/wp\/v2\/comments?post=72102"}],"version-history":[{"count":0,"href":"https:\/\/www.redenoticia.com.br\/noticia\/wp-json\/wp\/v2\/posts\/72102\/revisions"}],"wp:featuredmedia":[{"embeddable":true,"href":"https:\/\/www.redenoticia.com.br\/noticia\/wp-json\/wp\/v2\/media\/57579"}],"wp:attachment":[{"href":"https:\/\/www.redenoticia.com.br\/noticia\/wp-json\/wp\/v2\/media?parent=72102"}],"wp:term":[{"taxonomy":"category","embeddable":true,"href":"https:\/\/www.redenoticia.com.br\/noticia\/wp-json\/wp\/v2\/categories?post=72102"},{"taxonomy":"post_tag","embeddable":true,"href":"https:\/\/www.redenoticia.com.br\/noticia\/wp-json\/wp\/v2\/tags?post=72102"}],"curies":[{"name":"wp","href":"https:\/\/api.w.org\/{rel}","templated":true}]}}