{"id":72067,"date":"2015-07-01T13:28:39","date_gmt":"2015-07-01T16:28:39","guid":{"rendered":"http:\/\/www.redenoticia.com.br\/noticia\/?p=72067"},"modified":"2015-07-01T13:28:39","modified_gmt":"2015-07-01T16:28:39","slug":"pesquisa-brasileiro-esta-pessimista-em-relacao-ao-restante-do-governo-dilma","status":"publish","type":"post","link":"https:\/\/www.redenoticia.com.br\/noticia\/2015\/pesquisa-brasileiro-esta-pessimista-em-relacao-ao-restante-do-governo-dilma\/72067","title":{"rendered":"Pesquisa: brasileiro est\u00e1 pessimista em rela\u00e7\u00e3o ao restante do governo Dilma"},"content":{"rendered":"<p> O <strong><em>brasileiro est\u00e1 mais pessimista em rela\u00e7\u00e3o ao governo<\/em><\/strong> Dilma Rousseff. Para 61% dos entrevistados em junho pela Pesquisa CNI-Ibope, da Confedera\u00e7\u00e3o Nacional da Ind\u00fastria (CNI), o governo de Dilma ser\u00e1 ruim ou p\u00e9ssimo, daqui para a frente.<\/p>\n<p>Na pesquisa anterior, de mar\u00e7o, este percentual estava em 55%. Caiu de 14% para 11%, de mar\u00e7o para junho, o percentual dos que t\u00eam uma expectativa positiva em rela\u00e7\u00e3o a Dilma Rousseff, ou seja, dos que consideram que o governo dela ser\u00e1 \u00f3timo ou bom at\u00e9 o final do mandato em vigor. O percentual dos que t\u00eam uma expectativa regular em rela\u00e7\u00e3o ao governo caiu de 25% para 23%.<\/p>\n<p>De acordo com o levantamento divulgado pela CNI, o percentual de pessoas que consideram que o segundo mandato da presidenta est\u00e1 pior do que o primeiro subiu de 76%, em mar\u00e7o, para 82% em junho. O percentual dos que consideram o atual mandato melhor caiu de 4% para 3%. Segundo a pesquisa, 14% acreditam que o segundo mandato ser\u00e1 igual ao primeiro.<\/p>\n<p>O governo Dilma Rousseff \u00e9 considerado ruim ou p\u00e9ssimo para 68% da popula\u00e7\u00e3o em junho \u2013 quatro pontos percentuais acima dos 64% registrados em mar\u00e7o. O percentual de pessoas que consideram o governo \u00f3timo ou bom caiu de 12% para 9% no mesmo per\u00edodo.<\/p>\n<p>Para 21%, o governo da presidenta \u00e9 avaliado como regular. A pesquisa informa que 83% dos brasileiros desaprovam e 15% aprovam a maneira de a presidenta governar. Na pesquisa anterior, referente a mar\u00e7o, estes percentuais estavam em 78% e 19%, respectivamente. Segundo a pesquisa, 78% dos brasileiros n\u00e3o confiam enquanto 20% confiam na presidenta, Em mar\u00e7o, estes \u00edndices estavam em 74% e 24%, respectivamente.<\/p>\n<p>Por \u00e1rea de atua\u00e7\u00e3o, segundo a pesquisa, a que apresentou resultado mais positivo foi a de combate \u00e0 pobreza, com 29% de aprova\u00e7\u00e3o e 68% de desaprova\u00e7\u00e3o. Em segundo lugar destacam-se as a\u00e7\u00f5es na \u00e1rea de meio ambiente, aprovadas por 27% dos pesquisados e desaprovadas por 63%. As a\u00e7\u00f5es na \u00e1rea de educa\u00e7\u00e3o foram aprovadas por 24% e desaprovadas por 74%, enquanto o combate ao desemprego foi aprovado por 15% e reprovado por 83% dos brasileiros. Seguran\u00e7a p\u00fablica e sa\u00fade foram \u00e1reas aprovadas por 15% e 14%, respectivamente. Os percentuais de desaprova\u00e7\u00e3o nessas \u00e1reas est\u00e3o em 83% e 84%, respectivamente.<\/p>\n<p>As \u00e1reas de atua\u00e7\u00e3o que registraram os piores \u00edndices foram taxas de juros (com 6% de aprova\u00e7\u00e3o e 90% de desaprova\u00e7\u00e3o), impostos (setor aprovado por 7% e desaprovado por 90%) e combate \u00e0 infla\u00e7\u00e3o, \u00e1rea que teve 11% de aprova\u00e7\u00e3o e 86% de desaprova\u00e7\u00e3o. Todas as \u00e1reas registraram piora nas avalia\u00e7\u00f5es a partir de dezembro de 2014.<\/p>\n<p>A pesquisa informa que a percep\u00e7\u00e3o da popula\u00e7\u00e3o sobre o notici\u00e1rio \u00e9 desfavor\u00e1vel para o governo, percentual que alcan\u00e7a 64% dos brasileiros. Em mar\u00e7o este \u00edndice estava em 72%. Para 8% dos brasileiros, a percep\u00e7\u00e3o \u00e9 que as not\u00edcias s\u00e3o favor\u00e1veis (um ponto percentual abaixo dos 9% registrados em mar\u00e7o), enquanto 17% avaliam que as abordagens sobre o governo na m\u00eddia n\u00e3o s\u00e3o nem favor\u00e1veis nem desfavor\u00e1veis. Antes este percentual estava em 13%.<\/p>\n<p>Os assuntos do notici\u00e1rio mais lembrados pela popula\u00e7\u00e3o foram: Opera\u00e7\u00e3o Lava Jato, esc\u00e2ndalo que envolve a Petrobras (20%); mudan\u00e7as implementadas na aposentadoria (16%); mudan\u00e7as no seguro desemprego (8%); corrup\u00e7\u00e3o no governo (6%); e infla\u00e7\u00e3o (4%).<\/p>\n<p>A pesquisa foi feita entre os dias 18 e 21 de junho a partir de 2002 entrevistas feitas em 141 munic\u00edpios. A margem de erro \u00e9 2 pontos percentuais, para cima ou para baixo. Segundo a CNI, o grau de confian\u00e7a nos n\u00fameros apresentados pela pesquisa alcan\u00e7a 95%.<\/p>\n<p>Pedro Peduzzi \u2013 Rep\u00f3rter da Ag\u00eancia Brasil<br \/>\nEdi\u00e7\u00e3o: Jos\u00e9 Romildo<\/p>\n","protected":false},"excerpt":{"rendered":"<p>O brasileiro est\u00e1 mais pessimista em rela\u00e7\u00e3o ao governo Dilma Rousseff. Para 61% dos entrevistados em junho pela Pesquisa CNI-Ibope, da Confedera\u00e7\u00e3o Nacional da Ind\u00fastria (CNI), o governo de Dilma ser\u00e1 ruim ou p\u00e9ssimo, daqui para a frente. Na pesquisa anterior, de mar\u00e7o, este percentual estava em 55%. Caiu de 14% para 11%, de mar\u00e7o [&hellip;]<\/p>\n","protected":false},"author":2,"featured_media":57585,"comment_status":"open","ping_status":"closed","sticky":false,"template":"","format":"standard","meta":{"_genesis_hide_title":false,"_genesis_hide_breadcrumbs":false,"_genesis_hide_singular_image":false,"_genesis_hide_footer_widgets":false,"_genesis_custom_body_class":"","_genesis_custom_post_class":"","_genesis_layout":"","_jetpack_memberships_contains_paid_content":false,"footnotes":""},"categories":[22,7],"tags":[],"class_list":{"0":"post-72067","1":"post","2":"type-post","3":"status-publish","4":"format-standard","5":"has-post-thumbnail","7":"category-brasil","8":"category-economia","9":"entry","10":"gs-1","11":"gs-odd","12":"gs-even","13":"gs-featured-content-entry"},"jetpack_featured_media_url":"https:\/\/www.redenoticia.com.br\/noticia\/imagens\/analise-economia.jpg","jetpack_sharing_enabled":true,"jetpack_likes_enabled":true,"_links":{"self":[{"href":"https:\/\/www.redenoticia.com.br\/noticia\/wp-json\/wp\/v2\/posts\/72067","targetHints":{"allow":["GET"]}}],"collection":[{"href":"https:\/\/www.redenoticia.com.br\/noticia\/wp-json\/wp\/v2\/posts"}],"about":[{"href":"https:\/\/www.redenoticia.com.br\/noticia\/wp-json\/wp\/v2\/types\/post"}],"author":[{"embeddable":true,"href":"https:\/\/www.redenoticia.com.br\/noticia\/wp-json\/wp\/v2\/users\/2"}],"replies":[{"embeddable":true,"href":"https:\/\/www.redenoticia.com.br\/noticia\/wp-json\/wp\/v2\/comments?post=72067"}],"version-history":[{"count":0,"href":"https:\/\/www.redenoticia.com.br\/noticia\/wp-json\/wp\/v2\/posts\/72067\/revisions"}],"wp:featuredmedia":[{"embeddable":true,"href":"https:\/\/www.redenoticia.com.br\/noticia\/wp-json\/wp\/v2\/media\/57585"}],"wp:attachment":[{"href":"https:\/\/www.redenoticia.com.br\/noticia\/wp-json\/wp\/v2\/media?parent=72067"}],"wp:term":[{"taxonomy":"category","embeddable":true,"href":"https:\/\/www.redenoticia.com.br\/noticia\/wp-json\/wp\/v2\/categories?post=72067"},{"taxonomy":"post_tag","embeddable":true,"href":"https:\/\/www.redenoticia.com.br\/noticia\/wp-json\/wp\/v2\/tags?post=72067"}],"curies":[{"name":"wp","href":"https:\/\/api.w.org\/{rel}","templated":true}]}}