{"id":72065,"date":"2015-07-01T13:25:43","date_gmt":"2015-07-01T16:25:43","guid":{"rendered":"http:\/\/www.redenoticia.com.br\/noticia\/?p=72065"},"modified":"2015-07-01T13:25:43","modified_gmt":"2015-07-01T16:25:43","slug":"governo-dilma-e-considerado-ruim-ou-pessimo-por-68-da-populacao-diz-cni-ibope","status":"publish","type":"post","link":"https:\/\/www.redenoticia.com.br\/noticia\/2015\/governo-dilma-e-considerado-ruim-ou-pessimo-por-68-da-populacao-diz-cni-ibope\/72065","title":{"rendered":"Governo Dilma \u00e9 considerado ruim ou p\u00e9ssimo por 68% da popula\u00e7\u00e3o, diz CNI-Ibope"},"content":{"rendered":"<p> O governo Dilma Rousseff foi considerado ruim ou p\u00e9ssimo para 68% da popula\u00e7\u00e3o, em junho, quatro pontos percentuais acima dos 64% registrados em mar\u00e7o, de acordo com a <strong><em>pesquisa CNI-Ibope<\/em><\/strong>, divulgada pela Confedera\u00e7\u00e3o Nacional da Ind\u00fastria (CNI).<\/p>\n<p> De acordo com o levantamento, o percentual de pessoas que consideram o governo \u00f3timo ou bom caiu de 12% para 9% no mesmo per\u00edodo. Para 21%, o governo da presidenta \u00e9 avaliado como regular.<\/p>\n<p>Segundo a pesquisa, 83% desaprovam e 15% aprovam a maneira de a presidenta governar. Na pesquisa anterior, referente a mar\u00e7o, esses percentuais estavam em 78% e 19%, respectivamente. De acordo com a pesquisa, 78% dos brasileiros n\u00e3o confiam na presidenta, enquanto 20% confiam. Em mar\u00e7o, esses \u00edndices estavam em 74% e 24%, respectivamente.<\/p>\n<p>A pesquisa foi feita entre os dias 18 e 21 de junho a partir de 2002 entrevistas feitas em 141 munic\u00edpios. A margem de erro \u00e9 2 pontos percentuais.<\/p>\n<p>Pedro Peduzzi \u2013 Rep\u00f3rter da Ag\u00eancia Brasil<br \/>\nEdi\u00e7\u00e3o: Jos\u00e9 Romildo<\/p>\n<p>&#8212;<br \/>\nA Empresa Brasil de Comunica\u00e7\u00e3o \u00e9 uma institui\u00e7\u00e3o da democracia brasileira: p\u00fablica, inclusiva e cidad\u00e3.  Criada em 2007 para fortalecer o sistema p\u00fablico de comunica\u00e7\u00e3o, \u00e9 gestora dos canais TV Brasil, TV Brasil Internacional, Ag\u00eancia Brasil, Radioag\u00eancia Nacional e do sistema p\u00fablico de R\u00e1dio \u2013 composto por oito emissoras. Estes, por sua independ\u00eancia editorial, distinguem-se dos canais estatais ou governamentais, com conte\u00fados diferenciados e complementares aos canais privados. Os ve\u00edculos da EBC t\u00eam autonomia para definir produ\u00e7\u00e3o, programa\u00e7\u00e3o e distribui\u00e7\u00e3o de conte\u00fados.<\/p>\n","protected":false},"excerpt":{"rendered":"<p>O governo Dilma Rousseff foi considerado ruim ou p\u00e9ssimo para 68% da popula\u00e7\u00e3o, em junho, quatro pontos percentuais acima dos 64% registrados em mar\u00e7o, de acordo com a pesquisa CNI-Ibope, divulgada pela Confedera\u00e7\u00e3o Nacional da Ind\u00fastria (CNI). De acordo com o levantamento, o percentual de pessoas que consideram o governo \u00f3timo ou bom caiu de [&hellip;]<\/p>\n","protected":false},"author":2,"featured_media":57582,"comment_status":"open","ping_status":"closed","sticky":false,"template":"","format":"standard","meta":{"_genesis_hide_title":false,"_genesis_hide_breadcrumbs":false,"_genesis_hide_singular_image":false,"_genesis_hide_footer_widgets":false,"_genesis_custom_body_class":"","_genesis_custom_post_class":"","_genesis_layout":"","_jetpack_memberships_contains_paid_content":false,"footnotes":""},"categories":[22,7],"tags":[],"class_list":{"0":"post-72065","1":"post","2":"type-post","3":"status-publish","4":"format-standard","5":"has-post-thumbnail","7":"category-brasil","8":"category-economia","9":"entry","10":"gs-1","11":"gs-odd","12":"gs-even","13":"gs-featured-content-entry"},"jetpack_featured_media_url":"https:\/\/www.redenoticia.com.br\/noticia\/imagens\/grafico1.jpg","jetpack_sharing_enabled":true,"jetpack_likes_enabled":true,"_links":{"self":[{"href":"https:\/\/www.redenoticia.com.br\/noticia\/wp-json\/wp\/v2\/posts\/72065","targetHints":{"allow":["GET"]}}],"collection":[{"href":"https:\/\/www.redenoticia.com.br\/noticia\/wp-json\/wp\/v2\/posts"}],"about":[{"href":"https:\/\/www.redenoticia.com.br\/noticia\/wp-json\/wp\/v2\/types\/post"}],"author":[{"embeddable":true,"href":"https:\/\/www.redenoticia.com.br\/noticia\/wp-json\/wp\/v2\/users\/2"}],"replies":[{"embeddable":true,"href":"https:\/\/www.redenoticia.com.br\/noticia\/wp-json\/wp\/v2\/comments?post=72065"}],"version-history":[{"count":0,"href":"https:\/\/www.redenoticia.com.br\/noticia\/wp-json\/wp\/v2\/posts\/72065\/revisions"}],"wp:featuredmedia":[{"embeddable":true,"href":"https:\/\/www.redenoticia.com.br\/noticia\/wp-json\/wp\/v2\/media\/57582"}],"wp:attachment":[{"href":"https:\/\/www.redenoticia.com.br\/noticia\/wp-json\/wp\/v2\/media?parent=72065"}],"wp:term":[{"taxonomy":"category","embeddable":true,"href":"https:\/\/www.redenoticia.com.br\/noticia\/wp-json\/wp\/v2\/categories?post=72065"},{"taxonomy":"post_tag","embeddable":true,"href":"https:\/\/www.redenoticia.com.br\/noticia\/wp-json\/wp\/v2\/tags?post=72065"}],"curies":[{"name":"wp","href":"https:\/\/api.w.org\/{rel}","templated":true}]}}