{"id":72063,"date":"2015-07-01T13:22:30","date_gmt":"2015-07-01T16:22:30","guid":{"rendered":"http:\/\/www.redenoticia.com.br\/noticia\/?p=72063"},"modified":"2015-07-01T13:22:30","modified_gmt":"2015-07-01T16:22:30","slug":"percentual-de-familias-endividadas-diminui-pela-primeira-vez-em-quatro-meses","status":"publish","type":"post","link":"https:\/\/www.redenoticia.com.br\/noticia\/2015\/percentual-de-familias-endividadas-diminui-pela-primeira-vez-em-quatro-meses\/72063","title":{"rendered":"Percentual de fam\u00edlias endividadas diminui pela primeira vez em quatro meses"},"content":{"rendered":"<p> Pesquisa da Confedera\u00e7\u00e3o Nacional do Com\u00e9rcio de Bens, Servi\u00e7os e Turismo (CNC) mostra que, em junho, o percentual de <strong><em>fam\u00edlias endividadas<\/em><\/strong> registrou queda pela primeira vez em quatro meses, caindo tamb\u00e9m na compara\u00e7\u00e3o anual. O percentual alcan\u00e7ou 62% \u2013 recuo em rela\u00e7\u00e3o aos 62,4% registrados no m\u00eas de maio e ante os 62,5% verificados no mesmo per\u00edodo do ano passado.<\/p>\n<p>O levantamento, denominado Pesquisa de Endividamento e Inadimpl\u00eancia do Consumidor, abrangeu 18 mil consumidores em todas as capitais do pa\u00eds.<\/p>\n<p>Segundo a pesquisa, apesar da queda do percentual de fam\u00edlias endividadas que fazem o pagamento de seus d\u00e9bitos em dia, houve aumento no percentual das que t\u00eam contas ou d\u00edvidas em atraso e entre aquelas que relataram n\u00e3o ter condi\u00e7\u00f5es de pagar suas contas atrasadas. A propor\u00e7\u00e3o de fam\u00edlias com d\u00edvidas ou contas em atraso alcan\u00e7ou 21,3%. Em maio, o percentual era 21,1% e, em junho de 2014, 19,8%. O percentual das fam\u00edlias que permanecer\u00e3o inadimplentes atingiu 7,9% em junho. Em maio, o percentual era 7,4% e, em junho do ano passado, 6,6%.<\/p>\n<p>A propor\u00e7\u00e3o de fam\u00edlias brasileiras que se declararam muito endividadas manteve-se est\u00e1vel entre os meses de maio e junho \u2013 12,5% do total \u2013, mas registrou aumento em rela\u00e7\u00e3o ao patamar observado em junho de 2014, de 11,9%.<\/p>\n<p>O cart\u00e3o de cr\u00e9dito \u00e9 o principal motivo de d\u00e9bito para 77,2% das fam\u00edlias endividadas, seguido por carn\u00eas (16,3%) e, em terceiro, por financiamento de carro (13,4%).<\/p>\n<p>Nielmar de Oliveira &#8211; Rep\u00f3rter da Ag\u00eancia Brasil<br \/>\nEdi\u00e7\u00e3o: Jos\u00e9 Romildo<\/p>\n","protected":false},"excerpt":{"rendered":"<p>Pesquisa da Confedera\u00e7\u00e3o Nacional do Com\u00e9rcio de Bens, Servi\u00e7os e Turismo (CNC) mostra que, em junho, o percentual de fam\u00edlias endividadas registrou queda pela primeira vez em quatro meses, caindo tamb\u00e9m na compara\u00e7\u00e3o anual. O percentual alcan\u00e7ou 62% \u2013 recuo em rela\u00e7\u00e3o aos 62,4% registrados no m\u00eas de maio e ante os 62,5% verificados no [&hellip;]<\/p>\n","protected":false},"author":2,"featured_media":35203,"comment_status":"open","ping_status":"closed","sticky":false,"template":"","format":"standard","meta":{"_genesis_hide_title":false,"_genesis_hide_breadcrumbs":false,"_genesis_hide_singular_image":false,"_genesis_hide_footer_widgets":false,"_genesis_custom_body_class":"","_genesis_custom_post_class":"","_genesis_layout":"","_jetpack_memberships_contains_paid_content":false,"footnotes":""},"categories":[22,7],"tags":[],"class_list":{"0":"post-72063","1":"post","2":"type-post","3":"status-publish","4":"format-standard","5":"has-post-thumbnail","7":"category-brasil","8":"category-economia","9":"entry","10":"gs-1","11":"gs-odd","12":"gs-even","13":"gs-featured-content-entry"},"jetpack_featured_media_url":"https:\/\/www.redenoticia.com.br\/noticia\/imagens\/cartao-credito.jpg","jetpack_sharing_enabled":true,"jetpack_likes_enabled":true,"_links":{"self":[{"href":"https:\/\/www.redenoticia.com.br\/noticia\/wp-json\/wp\/v2\/posts\/72063","targetHints":{"allow":["GET"]}}],"collection":[{"href":"https:\/\/www.redenoticia.com.br\/noticia\/wp-json\/wp\/v2\/posts"}],"about":[{"href":"https:\/\/www.redenoticia.com.br\/noticia\/wp-json\/wp\/v2\/types\/post"}],"author":[{"embeddable":true,"href":"https:\/\/www.redenoticia.com.br\/noticia\/wp-json\/wp\/v2\/users\/2"}],"replies":[{"embeddable":true,"href":"https:\/\/www.redenoticia.com.br\/noticia\/wp-json\/wp\/v2\/comments?post=72063"}],"version-history":[{"count":0,"href":"https:\/\/www.redenoticia.com.br\/noticia\/wp-json\/wp\/v2\/posts\/72063\/revisions"}],"wp:featuredmedia":[{"embeddable":true,"href":"https:\/\/www.redenoticia.com.br\/noticia\/wp-json\/wp\/v2\/media\/35203"}],"wp:attachment":[{"href":"https:\/\/www.redenoticia.com.br\/noticia\/wp-json\/wp\/v2\/media?parent=72063"}],"wp:term":[{"taxonomy":"category","embeddable":true,"href":"https:\/\/www.redenoticia.com.br\/noticia\/wp-json\/wp\/v2\/categories?post=72063"},{"taxonomy":"post_tag","embeddable":true,"href":"https:\/\/www.redenoticia.com.br\/noticia\/wp-json\/wp\/v2\/tags?post=72063"}],"curies":[{"name":"wp","href":"https:\/\/api.w.org\/{rel}","templated":true}]}}