{"id":72061,"date":"2015-07-01T13:20:07","date_gmt":"2015-07-01T16:20:07","guid":{"rendered":"http:\/\/www.redenoticia.com.br\/noticia\/?p=72061"},"modified":"2015-07-01T13:20:07","modified_gmt":"2015-07-01T16:20:07","slug":"cabo-submarino-de-comunicacao-vai-ligar-fortaleza-a-lisboa-em-2017","status":"publish","type":"post","link":"https:\/\/www.redenoticia.com.br\/noticia\/2015\/cabo-submarino-de-comunicacao-vai-ligar-fortaleza-a-lisboa-em-2017\/72061","title":{"rendered":"Cabo submarino de comunica\u00e7\u00e3o vai ligar Fortaleza a Lisboa em 2017"},"content":{"rendered":"<p> O governo brasileiro assinou um acordo com a empresa espanhola IslaLink para a constru\u00e7\u00e3o e opera\u00e7\u00e3o de um <strong><em>cabo submarino de comunica\u00e7\u00f5es<\/em><\/strong>, que ligar\u00e1 Am\u00e9rica do Sul e Europa. Com 5.875 quil\u00f4metros (km) de extens\u00e3o, o cabo far\u00e1 a liga\u00e7\u00e3o Fortaleza-Lisboa, e a expectativa do governo e da IslaLink \u00e9 iniciar a constru\u00e7\u00e3o do cabo em 2016 e coloc\u00e1-lo em opera\u00e7\u00e3o no segundo semestre de 2017.<\/p>\n<p>De acordo com o presidente da Telebras, Jorge Bittar, o cabo melhorar\u00e1 a comunica\u00e7\u00e3o entre os dois continentes, com menos risco de vazamento de dados para espi\u00f5es. Hoje, o tr\u00e1fego de informa\u00e7\u00f5es da Am\u00e9rica do Sul para a Europa passa antes pelos Estados Unidos. Ele disse que o cabo vai criar facilidade para o tr\u00e1fego geral dos cidad\u00e3os. &#8220;Em vez de percorrer os Estados Unidos at\u00e9 a Europa, voc\u00ea ir\u00e1 direto, com a vantagem de equipamentos mais seguros do que s\u00e3o hoje\u201d, salientou.<\/p>\n<p>Dentre os servi\u00e7os que ser\u00e3o beneficiados, Bittar citou as comunica\u00e7\u00f5es por teleconfer\u00eancia e servi\u00e7os semelhantes que demandem agilidade entre emiss\u00e3o e recep\u00e7\u00e3o de dados. \u201cAlgo j\u00e1 perfeitamente poss\u00edvel \u00e9 o servi\u00e7o de telemedicina, se, por exemplo, algu\u00e9m acompanha [da Europa] uma cirurgia na Am\u00e9rica do Sul. Ent\u00e3o, \u00e9 preciso que as comunica\u00e7\u00f5es se deem com muita precis\u00e3o, baixa lat\u00eancia e grande agilidade\u201d, ressaltou.<\/p>\n<p>O presidente da IslaLink, Alfonso Gajate, refor\u00e7ou que a comunica\u00e7\u00e3o direta entre os continentes ser\u00e1 mais segura e evitar\u00e1 espionagem de dados. Ele destacou que \u201ca Europa, por estar no meio da \u00c1frica, \u00c1sia e Am\u00e9rica, \u00e9 o ponto mais importante para trocar informa\u00e7\u00e3o. E as redes europeias garantem a confidencialidade de informa\u00e7\u00e3o\u201d.<\/p>\n<p>Ser\u00e1 criada uma empresa para tocar o projeto, com participa\u00e7\u00e3o acion\u00e1ria de 35% da Telebr\u00e1s, 45% da IslaLink e 20% de uma empresa privada brasileira. O pr\u00f3ximo passo ser\u00e1 captar a terceira empresa para dar sequ\u00eancia ao projeto. Segundo a empresa espanhola, o custo total foi estimado em US$ 185 milh\u00f5es (R$ 575,3 milh\u00f5es). A Uni\u00e3o Europeia anunciou investimento de 25 milh\u00f5es de euros (R$ 87,7 milh\u00f5es) no projeto.<\/p>\n<p>De acordo com Bittar, est\u00e1 prevista no Or\u00e7amento deste ano a aplica\u00e7\u00e3o de R$ 50 milh\u00f5es para o projeto, inclu\u00eddo entre as obras do Programa de Acelera\u00e7\u00e3o do Crescimento (PAC). O presidente da estatal, no entanto, n\u00e3o divulgou o investimento total da Telebras.<\/p>\n<p>Marcelo Brand\u00e3o &#8211; Rep\u00f3rter da Ag\u00eancia Brasil<br \/>\nEdi\u00e7\u00e3o: St\u00eanio Ribeiro<\/p>\n","protected":false},"excerpt":{"rendered":"<p>O governo brasileiro assinou um acordo com a empresa espanhola IslaLink para a constru\u00e7\u00e3o e opera\u00e7\u00e3o de um cabo submarino de comunica\u00e7\u00f5es, que ligar\u00e1 Am\u00e9rica do Sul e Europa. Com 5.875 quil\u00f4metros (km) de extens\u00e3o, o cabo far\u00e1 a liga\u00e7\u00e3o Fortaleza-Lisboa, e a expectativa do governo e da IslaLink \u00e9 iniciar a constru\u00e7\u00e3o do cabo [&hellip;]<\/p>\n","protected":false},"author":2,"featured_media":57576,"comment_status":"open","ping_status":"closed","sticky":false,"template":"","format":"standard","meta":{"_genesis_hide_title":false,"_genesis_hide_breadcrumbs":false,"_genesis_hide_singular_image":false,"_genesis_hide_footer_widgets":false,"_genesis_custom_body_class":"","_genesis_custom_post_class":"","_genesis_layout":"","_jetpack_memberships_contains_paid_content":false,"footnotes":""},"categories":[22,7],"tags":[],"class_list":{"0":"post-72061","1":"post","2":"type-post","3":"status-publish","4":"format-standard","5":"has-post-thumbnail","7":"category-brasil","8":"category-economia","9":"entry","10":"gs-1","11":"gs-odd","12":"gs-even","13":"gs-featured-content-entry"},"jetpack_featured_media_url":"https:\/\/www.redenoticia.com.br\/noticia\/imagens\/tecnologia1.jpg","jetpack_sharing_enabled":true,"jetpack_likes_enabled":true,"_links":{"self":[{"href":"https:\/\/www.redenoticia.com.br\/noticia\/wp-json\/wp\/v2\/posts\/72061","targetHints":{"allow":["GET"]}}],"collection":[{"href":"https:\/\/www.redenoticia.com.br\/noticia\/wp-json\/wp\/v2\/posts"}],"about":[{"href":"https:\/\/www.redenoticia.com.br\/noticia\/wp-json\/wp\/v2\/types\/post"}],"author":[{"embeddable":true,"href":"https:\/\/www.redenoticia.com.br\/noticia\/wp-json\/wp\/v2\/users\/2"}],"replies":[{"embeddable":true,"href":"https:\/\/www.redenoticia.com.br\/noticia\/wp-json\/wp\/v2\/comments?post=72061"}],"version-history":[{"count":0,"href":"https:\/\/www.redenoticia.com.br\/noticia\/wp-json\/wp\/v2\/posts\/72061\/revisions"}],"wp:featuredmedia":[{"embeddable":true,"href":"https:\/\/www.redenoticia.com.br\/noticia\/wp-json\/wp\/v2\/media\/57576"}],"wp:attachment":[{"href":"https:\/\/www.redenoticia.com.br\/noticia\/wp-json\/wp\/v2\/media?parent=72061"}],"wp:term":[{"taxonomy":"category","embeddable":true,"href":"https:\/\/www.redenoticia.com.br\/noticia\/wp-json\/wp\/v2\/categories?post=72061"},{"taxonomy":"post_tag","embeddable":true,"href":"https:\/\/www.redenoticia.com.br\/noticia\/wp-json\/wp\/v2\/tags?post=72061"}],"curies":[{"name":"wp","href":"https:\/\/api.w.org\/{rel}","templated":true}]}}