{"id":72005,"date":"2015-06-30T18:20:42","date_gmt":"2015-06-30T21:20:42","guid":{"rendered":"http:\/\/www.redenoticia.com.br\/noticia\/?p=72005"},"modified":"2015-06-30T18:20:42","modified_gmt":"2015-06-30T21:20:42","slug":"confianca-da-industria-tem-queda-de-49-em-junho","status":"publish","type":"post","link":"https:\/\/www.redenoticia.com.br\/noticia\/2015\/confianca-da-industria-tem-queda-de-49-em-junho\/72005","title":{"rendered":"Confian\u00e7a da ind\u00fastria tem queda de 4,9% em junho"},"content":{"rendered":"<p> O <strong><em>\u00cdndice de Confian\u00e7a da Ind\u00fastria<\/em><\/strong> (ICI) da Funda\u00e7\u00e3o Getulio Vargas (FGV) recuou 4,9% em junho, em rela\u00e7\u00e3o a maio, ao passar de 71,6 para 68,1 pontos. Quanto mais baixo o \u00edndice em rela\u00e7\u00e3o a 100 pontos, maior \u00e9 o pessimismo da ind\u00fastria quanto \u00e0 situa\u00e7\u00e3o atual e \u00e0 inten\u00e7\u00e3o de novos investimentos.<\/p>\n<p>A pesquisa sobre o ICI, feita em 1,2 mil industrias em todo o pa\u00eds, tem como objetivo orientar o governo e l\u00edderes empresariais em rela\u00e7\u00e3o \u00e0 tomada de decis\u00f5es sobre a pol\u00edtica econ\u00f4mica e sobre neg\u00f3cios.<\/p>\n<p>Segundo o superintendente adjunto para Ciclos Econ\u00f4micos da FGV, Aloisio Campelo Jr, o resultado da pesquisa mostra que, entre mar\u00e7o e junho, \u201ca ind\u00fastria de transforma\u00e7\u00e3o enfrentou mais um trimestre de queda da produ\u00e7\u00e3o e de margens de lucro comprimidas\u201d.<\/p>\n<p>Segundo ele, embora os indicadores que retratam a situa\u00e7\u00e3o presente dos neg\u00f3cios estejam caindo mais fortemente em junho, \u201cchama a aten\u00e7\u00e3o a piora das expectativas, levando a um elevado grau de pessimismo em rela\u00e7\u00e3o ao horizonte de tr\u00eas a seis meses\u201d.<\/p>\n<p>A queda do ICI em junho atingiu 9 dos 14 principais segmentos acompanhados pela pesquisa. O \u00cdndice da Situa\u00e7\u00e3o Atual (ISA), um dos componentes da pesquisa, caiu 5,6%, atingindo o menor n\u00edvel da s\u00e9rie mensal iniciada em outubro de 2005 (70,4 pontos). Outro elemento da pesquisa \u2013 o \u00cdndice de Expectativas (IE) \u2013 recuou 4,2%, passando a 65,8 pontos.<\/p>\n<p>Da Ag\u00eancia Brasil<br \/>\nEdi\u00e7\u00e3o: Jos\u00e9 Romildo<\/p>\n","protected":false},"excerpt":{"rendered":"<p>O \u00cdndice de Confian\u00e7a da Ind\u00fastria (ICI) da Funda\u00e7\u00e3o Getulio Vargas (FGV) recuou 4,9% em junho, em rela\u00e7\u00e3o a maio, ao passar de 71,6 para 68,1 pontos. Quanto mais baixo o \u00edndice em rela\u00e7\u00e3o a 100 pontos, maior \u00e9 o pessimismo da ind\u00fastria quanto \u00e0 situa\u00e7\u00e3o atual e \u00e0 inten\u00e7\u00e3o de novos investimentos. A pesquisa [&hellip;]<\/p>\n","protected":false},"author":2,"featured_media":57585,"comment_status":"open","ping_status":"closed","sticky":false,"template":"","format":"standard","meta":{"_genesis_hide_title":false,"_genesis_hide_breadcrumbs":false,"_genesis_hide_singular_image":false,"_genesis_hide_footer_widgets":false,"_genesis_custom_body_class":"","_genesis_custom_post_class":"","_genesis_layout":"","_jetpack_memberships_contains_paid_content":false,"footnotes":""},"categories":[22,7],"tags":[],"class_list":{"0":"post-72005","1":"post","2":"type-post","3":"status-publish","4":"format-standard","5":"has-post-thumbnail","7":"category-brasil","8":"category-economia","9":"entry","10":"gs-1","11":"gs-odd","12":"gs-even","13":"gs-featured-content-entry"},"jetpack_featured_media_url":"https:\/\/www.redenoticia.com.br\/noticia\/imagens\/analise-economia.jpg","jetpack_sharing_enabled":true,"jetpack_likes_enabled":true,"_links":{"self":[{"href":"https:\/\/www.redenoticia.com.br\/noticia\/wp-json\/wp\/v2\/posts\/72005","targetHints":{"allow":["GET"]}}],"collection":[{"href":"https:\/\/www.redenoticia.com.br\/noticia\/wp-json\/wp\/v2\/posts"}],"about":[{"href":"https:\/\/www.redenoticia.com.br\/noticia\/wp-json\/wp\/v2\/types\/post"}],"author":[{"embeddable":true,"href":"https:\/\/www.redenoticia.com.br\/noticia\/wp-json\/wp\/v2\/users\/2"}],"replies":[{"embeddable":true,"href":"https:\/\/www.redenoticia.com.br\/noticia\/wp-json\/wp\/v2\/comments?post=72005"}],"version-history":[{"count":0,"href":"https:\/\/www.redenoticia.com.br\/noticia\/wp-json\/wp\/v2\/posts\/72005\/revisions"}],"wp:featuredmedia":[{"embeddable":true,"href":"https:\/\/www.redenoticia.com.br\/noticia\/wp-json\/wp\/v2\/media\/57585"}],"wp:attachment":[{"href":"https:\/\/www.redenoticia.com.br\/noticia\/wp-json\/wp\/v2\/media?parent=72005"}],"wp:term":[{"taxonomy":"category","embeddable":true,"href":"https:\/\/www.redenoticia.com.br\/noticia\/wp-json\/wp\/v2\/categories?post=72005"},{"taxonomy":"post_tag","embeddable":true,"href":"https:\/\/www.redenoticia.com.br\/noticia\/wp-json\/wp\/v2\/tags?post=72005"}],"curies":[{"name":"wp","href":"https:\/\/api.w.org\/{rel}","templated":true}]}}