{"id":72003,"date":"2015-06-30T18:19:14","date_gmt":"2015-06-30T21:19:14","guid":{"rendered":"http:\/\/www.redenoticia.com.br\/noticia\/?p=72003"},"modified":"2015-06-30T18:19:14","modified_gmt":"2015-06-30T21:19:14","slug":"indice-de-confianca-das-empresas-de-servicos-cai-45-em-junho","status":"publish","type":"post","link":"https:\/\/www.redenoticia.com.br\/noticia\/2015\/indice-de-confianca-das-empresas-de-servicos-cai-45-em-junho\/72003","title":{"rendered":"\u00cdndice de confian\u00e7a das empresas de servi\u00e7os cai 4,5% em junho"},"content":{"rendered":"<p> O <strong><em>\u00cdndice de Confian\u00e7a de Servi\u00e7os<\/em><\/strong> (ICS), medido pela Funda\u00e7\u00e3o Getulio Vargas (FGV), recuou 4,5% em junho, em compara\u00e7\u00e3o a maio, ao passar de 84,5 para 80,7 pontos, na s\u00e9rie com ajuste sazonal. Foi a quinta queda no ano: o \u00edndice registra no m\u00eas o menor n\u00edvel da s\u00e9rie, iniciada em junho de 2008.<\/p>\n<p>O ajuste sazonal ocorre quando os t\u00e9cnicos descontam o aumento das vendas de produtos em feriados ou datas comemorativas.<\/p>\n<p>A pontua\u00e7\u00e3o mede o grau de confian\u00e7a dos empres\u00e1rios de servi\u00e7os: acima de 100, indica otimismo das empresas. Quanto mais baixa a pontua\u00e7\u00e3o em rela\u00e7\u00e3o a 100, maior \u00e9 o pessimismo. O \u00edndice de junho mostra que est\u00e1 piorando a percep\u00e7\u00e3o em rela\u00e7\u00e3o \u00e0 possibilidade de novos investimentos e \u00e0 cria\u00e7\u00e3o de empresas. A pesquisa foi feita em 2 mil empresas de servi\u00e7os.<\/p>\n<p>\u201cA avalia\u00e7\u00e3o das empresas de servi\u00e7os prossegue bastante negativa ao final do segundo trimestre, sobretudo em rela\u00e7\u00e3o \u00e0 situa\u00e7\u00e3o corrente dos neg\u00f3cios\u201d, disse Silvio Sales, consultor da FGV. <\/p>\n<p>Segundo ele, a conjuga\u00e7\u00e3o de infla\u00e7\u00e3o elevada, mercado de trabalho em queda e eleva\u00e7\u00e3o do custo financeiro afeta, de modo generalizado, a confian\u00e7a do setor. Para ele, \u201cos indicadores de junho n\u00e3o trazem sinaliza\u00e7\u00e3o de melhora no curto prazo&#8221;.<\/p>\n<p>Nielmar de Oliveira \u2013 Rep\u00f3rter da Ag\u00eancia Brasil<br \/>\nEdi\u00e7\u00e3o: Jos\u00e9 Romildo<\/p>\n","protected":false},"excerpt":{"rendered":"<p>O \u00cdndice de Confian\u00e7a de Servi\u00e7os (ICS), medido pela Funda\u00e7\u00e3o Getulio Vargas (FGV), recuou 4,5% em junho, em compara\u00e7\u00e3o a maio, ao passar de 84,5 para 80,7 pontos, na s\u00e9rie com ajuste sazonal. Foi a quinta queda no ano: o \u00edndice registra no m\u00eas o menor n\u00edvel da s\u00e9rie, iniciada em junho de 2008. O [&hellip;]<\/p>\n","protected":false},"author":2,"featured_media":57583,"comment_status":"open","ping_status":"closed","sticky":false,"template":"","format":"standard","meta":{"_genesis_hide_title":false,"_genesis_hide_breadcrumbs":false,"_genesis_hide_singular_image":false,"_genesis_hide_footer_widgets":false,"_genesis_custom_body_class":"","_genesis_custom_post_class":"","_genesis_layout":"","_jetpack_memberships_contains_paid_content":false,"footnotes":""},"categories":[22,7],"tags":[],"class_list":{"0":"post-72003","1":"post","2":"type-post","3":"status-publish","4":"format-standard","5":"has-post-thumbnail","7":"category-brasil","8":"category-economia","9":"entry","10":"gs-1","11":"gs-odd","12":"gs-even","13":"gs-featured-content-entry"},"jetpack_featured_media_url":"https:\/\/www.redenoticia.com.br\/noticia\/imagens\/economia-grafico.jpg","jetpack_sharing_enabled":true,"jetpack_likes_enabled":true,"_links":{"self":[{"href":"https:\/\/www.redenoticia.com.br\/noticia\/wp-json\/wp\/v2\/posts\/72003","targetHints":{"allow":["GET"]}}],"collection":[{"href":"https:\/\/www.redenoticia.com.br\/noticia\/wp-json\/wp\/v2\/posts"}],"about":[{"href":"https:\/\/www.redenoticia.com.br\/noticia\/wp-json\/wp\/v2\/types\/post"}],"author":[{"embeddable":true,"href":"https:\/\/www.redenoticia.com.br\/noticia\/wp-json\/wp\/v2\/users\/2"}],"replies":[{"embeddable":true,"href":"https:\/\/www.redenoticia.com.br\/noticia\/wp-json\/wp\/v2\/comments?post=72003"}],"version-history":[{"count":0,"href":"https:\/\/www.redenoticia.com.br\/noticia\/wp-json\/wp\/v2\/posts\/72003\/revisions"}],"wp:featuredmedia":[{"embeddable":true,"href":"https:\/\/www.redenoticia.com.br\/noticia\/wp-json\/wp\/v2\/media\/57583"}],"wp:attachment":[{"href":"https:\/\/www.redenoticia.com.br\/noticia\/wp-json\/wp\/v2\/media?parent=72003"}],"wp:term":[{"taxonomy":"category","embeddable":true,"href":"https:\/\/www.redenoticia.com.br\/noticia\/wp-json\/wp\/v2\/categories?post=72003"},{"taxonomy":"post_tag","embeddable":true,"href":"https:\/\/www.redenoticia.com.br\/noticia\/wp-json\/wp\/v2\/tags?post=72003"}],"curies":[{"name":"wp","href":"https:\/\/api.w.org\/{rel}","templated":true}]}}