{"id":71995,"date":"2015-06-30T18:10:07","date_gmt":"2015-06-30T21:10:07","guid":{"rendered":"http:\/\/www.redenoticia.com.br\/noticia\/?p=71995"},"modified":"2015-06-30T18:10:07","modified_gmt":"2015-06-30T21:10:07","slug":"provas-do-enem-2015-serao-monitoradas-por-servidores-publicos","status":"publish","type":"post","link":"https:\/\/www.redenoticia.com.br\/noticia\/2015\/provas-do-enem-2015-serao-monitoradas-por-servidores-publicos\/71995","title":{"rendered":"Provas do Enem 2015 ser\u00e3o monitoradas por servidores p\u00fablicos"},"content":{"rendered":"<p> O Exame Nacional do Ensino M\u00e9dio (<strong><em>Enem<\/em><\/strong>) ter\u00e1 fiscaliza\u00e7\u00e3o refor\u00e7ada este ano com a participa\u00e7\u00e3o de aproximadamente 25 mil servidores do Executivo no processo de monitoramento e controle, nos dias de provas. Entre outras atividades, os chamados certificadores acompanhar\u00e3o a abertura dos malotes com as provas e a atua\u00e7\u00e3o dos fiscais. O edital para convocar servidores p\u00fablicos do Executivo para compor a Rede Nacional de Certificadores foi publicado no Di\u00e1rio Oficial da Uni\u00e3o.<\/p>\n<p>Como remunera\u00e7\u00e3o de R$ 39,15 por hora, os aprovados receber\u00e3o a gratifica\u00e7\u00e3o por encargos de cursos ou concursos (GECC), com carga hor\u00e1ria de oito a 12 horas por dia. Os certificadores atuar\u00e3o como bed\u00e9is, acompanhando o processo de aplica\u00e7\u00e3o da prova.<\/p>\n<p>Segundo o Instituto Nacional de Estudos e Pesquisas Educacionais An\u00edsio Teixeira (Inep), \u00e9 a primeira vez que os servidores atuar\u00e3o. O Inep disponibilizou um portal com mais informa\u00e7\u00f5es. Os interessados poder\u00e3o fazer a inscri\u00e7\u00e3o desta segunda-feira at\u00e9 o dia 15 de julho. A lista com os candidatos habilitados ser\u00e1 divulgada no dia 30 de julho.<\/p>\n<p>Segundo a autarquia, os servidores ter\u00e3o a responsabilidade de certificar os processos de aplica\u00e7\u00e3o do Enem, respeitar as recomenda\u00e7\u00f5es de confidencialidade e sigilo das informa\u00e7\u00f5es e informar situa\u00e7\u00f5es em desacordo com as regras de seguran\u00e7a do exame.<\/p>\n<p>Precau\u00e7\u00f5es<\/p>\n<p>Al\u00e9m dos fiscais em sala, os certificadores acompanhar\u00e3o a abertura dos malotes. Os cuidados dever\u00e3o evitar situa\u00e7\u00f5es como a do ano passado, quando candidatos tiveram acesso ao tema da reda\u00e7\u00e3o do Enem horas antes da aplica\u00e7\u00e3o da prova. No decorrer das investiga\u00e7\u00f5es, o Inep apresentou nota t\u00e9cnica na qual admite ter havido a abertura dos malotes contendo as provas nos estados do Piau\u00ed, Maranh\u00e3o e Para\u00edba duas horas antes do hor\u00e1rio estipulado no procedimento operacional padr\u00e3o.<\/p>\n<p>O Enem dever\u00e1 mobilizar, segundo o Minist\u00e9rio da Educa\u00e7\u00e3o, 850 mil envolvidos, entre coordenadores, chefes de sala, fiscais, Ex\u00e9rcito, Marinha, Aeron\u00e1utica e funcion\u00e1rios dos Correios. Cerca de 8,5 milh\u00f5es de estudantes se inscreveram para as provas do Enem, que ser\u00e3o aplicadas nos dias 24 e 25 de outubro.<\/p>\n<p>Para garantir a seguran\u00e7a e evitar vazamentos, as provas ser\u00e3o colocadas em malotes, todos com lacres eletr\u00f4nicos que mostrem os hor\u00e1rios de fechamento e de abertura j\u00e1 no local de prova. A estimativa \u00e9 que sejam usados 80 mil malotes, distribu\u00eddos nos 18,9 mil locais de prova, em 1,7 mil munic\u00edpios de todas as regi\u00f5es do Pa\u00eds.<\/p>\n<p>Fonte: Ag\u00eancia Brasil<\/p>\n","protected":false},"excerpt":{"rendered":"<p>O Exame Nacional do Ensino M\u00e9dio (Enem) ter\u00e1 fiscaliza\u00e7\u00e3o refor\u00e7ada este ano com a participa\u00e7\u00e3o de aproximadamente 25 mil servidores do Executivo no processo de monitoramento e controle, nos dias de provas. Entre outras atividades, os chamados certificadores acompanhar\u00e3o a abertura dos malotes com as provas e a atua\u00e7\u00e3o dos fiscais. O edital para convocar [&hellip;]<\/p>\n","protected":false},"author":2,"featured_media":36938,"comment_status":"open","ping_status":"closed","sticky":false,"template":"","format":"standard","meta":{"_genesis_hide_title":false,"_genesis_hide_breadcrumbs":false,"_genesis_hide_singular_image":false,"_genesis_hide_footer_widgets":false,"_genesis_custom_body_class":"","_genesis_custom_post_class":"","_genesis_layout":"","_jetpack_memberships_contains_paid_content":false,"footnotes":""},"categories":[22],"tags":[],"class_list":{"0":"post-71995","1":"post","2":"type-post","3":"status-publish","4":"format-standard","5":"has-post-thumbnail","7":"category-brasil","8":"entry","9":"gs-1","10":"gs-odd","11":"gs-even","12":"gs-featured-content-entry"},"jetpack_featured_media_url":"https:\/\/www.redenoticia.com.br\/noticia\/imagens\/enem-gabarito-resultado.jpg","jetpack_sharing_enabled":true,"jetpack_likes_enabled":true,"_links":{"self":[{"href":"https:\/\/www.redenoticia.com.br\/noticia\/wp-json\/wp\/v2\/posts\/71995","targetHints":{"allow":["GET"]}}],"collection":[{"href":"https:\/\/www.redenoticia.com.br\/noticia\/wp-json\/wp\/v2\/posts"}],"about":[{"href":"https:\/\/www.redenoticia.com.br\/noticia\/wp-json\/wp\/v2\/types\/post"}],"author":[{"embeddable":true,"href":"https:\/\/www.redenoticia.com.br\/noticia\/wp-json\/wp\/v2\/users\/2"}],"replies":[{"embeddable":true,"href":"https:\/\/www.redenoticia.com.br\/noticia\/wp-json\/wp\/v2\/comments?post=71995"}],"version-history":[{"count":0,"href":"https:\/\/www.redenoticia.com.br\/noticia\/wp-json\/wp\/v2\/posts\/71995\/revisions"}],"wp:featuredmedia":[{"embeddable":true,"href":"https:\/\/www.redenoticia.com.br\/noticia\/wp-json\/wp\/v2\/media\/36938"}],"wp:attachment":[{"href":"https:\/\/www.redenoticia.com.br\/noticia\/wp-json\/wp\/v2\/media?parent=71995"}],"wp:term":[{"taxonomy":"category","embeddable":true,"href":"https:\/\/www.redenoticia.com.br\/noticia\/wp-json\/wp\/v2\/categories?post=71995"},{"taxonomy":"post_tag","embeddable":true,"href":"https:\/\/www.redenoticia.com.br\/noticia\/wp-json\/wp\/v2\/tags?post=71995"}],"curies":[{"name":"wp","href":"https:\/\/api.w.org\/{rel}","templated":true}]}}