{"id":71955,"date":"2015-06-29T13:04:15","date_gmt":"2015-06-29T16:04:15","guid":{"rendered":"http:\/\/www.redenoticia.com.br\/noticia\/?p=71955"},"modified":"2015-06-29T13:04:15","modified_gmt":"2015-06-29T16:04:15","slug":"confianca-do-comercio-cai-14-em-junho","status":"publish","type":"post","link":"https:\/\/www.redenoticia.com.br\/noticia\/2015\/confianca-do-comercio-cai-14-em-junho\/71955","title":{"rendered":"Confian\u00e7a do com\u00e9rcio cai 1,4% em junho"},"content":{"rendered":"<p> O <strong><em>\u00cdndice de Confian\u00e7a do Com\u00e9rcio<\/em><\/strong> (Icom) da Funda\u00e7\u00e3o Getulio Vargas (FGV) registrou queda de 1,4% em junho de 2015, em compara\u00e7\u00e3o a maio. Com o resultado, o \u00edndice atingiu 90,7 pontos, o menor n\u00edvel da s\u00e9rie iniciada em mar\u00e7o de 2010.<\/p>\n<p>O indicador tem uma m\u00e9dia hist\u00f3rica de 122,2 pontos. Quanto mais baixa for pontua\u00e7\u00e3o em rela\u00e7\u00e3o \u00e0 m\u00e9dia hist\u00f3rica, pior \u00e9 a avalia\u00e7\u00e3o que as empresas fazem da situa\u00e7\u00e3o dos neg\u00f3cios do momentos e das expectativas em rela\u00e7\u00e3o ao com\u00e9rcio no futuro. A pesquisa abrangeu todos os segmentos do com\u00e9rcio do pa\u00eds. O Icom engloba tanto os segmentos varejistas quanto atacadistas.<\/p>\n<p>Medido em m\u00e9dias m\u00f3veis trimestrais, o \u00edndice manteve a tend\u00eancia negativa iniciada em janeiro deste ano, embora o ritmo de queda tenha diminu\u00eddo desde o in\u00edcio de 2015. Entre maio e junho a varia\u00e7\u00e3o da m\u00e9dia m\u00f3vel trimestral ficou em -0,4%.<\/p>\n<p>\u201cO n\u00edvel recorde negativo da confian\u00e7a do com\u00e9rcio em junho refor\u00e7a a percep\u00e7\u00e3o de forte desaquecimento do n\u00edvel de atividade econ\u00f4mica no segundo trimestre de 2015&#8243;, disse o superintendente adjunto para Ciclos Econ\u00f4micos da FGV, Aloisio Campelo Jr.<\/p>\n<p>Nielmar de Oliveira &#8211; Rep\u00f3rter da Ag\u00eancia Brasil<br \/>\nEdi\u00e7\u00e3o: Jos\u00e9 Romildo<\/p>\n","protected":false},"excerpt":{"rendered":"<p>O \u00cdndice de Confian\u00e7a do Com\u00e9rcio (Icom) da Funda\u00e7\u00e3o Getulio Vargas (FGV) registrou queda de 1,4% em junho de 2015, em compara\u00e7\u00e3o a maio. Com o resultado, o \u00edndice atingiu 90,7 pontos, o menor n\u00edvel da s\u00e9rie iniciada em mar\u00e7o de 2010. O indicador tem uma m\u00e9dia hist\u00f3rica de 122,2 pontos. Quanto mais baixa for [&hellip;]<\/p>\n","protected":false},"author":2,"featured_media":57585,"comment_status":"open","ping_status":"closed","sticky":false,"template":"","format":"standard","meta":{"_genesis_hide_title":false,"_genesis_hide_breadcrumbs":false,"_genesis_hide_singular_image":false,"_genesis_hide_footer_widgets":false,"_genesis_custom_body_class":"","_genesis_custom_post_class":"","_genesis_layout":"","_jetpack_memberships_contains_paid_content":false,"footnotes":""},"categories":[22,7],"tags":[],"class_list":{"0":"post-71955","1":"post","2":"type-post","3":"status-publish","4":"format-standard","5":"has-post-thumbnail","7":"category-brasil","8":"category-economia","9":"entry","10":"gs-1","11":"gs-odd","12":"gs-even","13":"gs-featured-content-entry"},"jetpack_featured_media_url":"https:\/\/www.redenoticia.com.br\/noticia\/imagens\/analise-economia.jpg","jetpack_sharing_enabled":true,"jetpack_likes_enabled":true,"_links":{"self":[{"href":"https:\/\/www.redenoticia.com.br\/noticia\/wp-json\/wp\/v2\/posts\/71955","targetHints":{"allow":["GET"]}}],"collection":[{"href":"https:\/\/www.redenoticia.com.br\/noticia\/wp-json\/wp\/v2\/posts"}],"about":[{"href":"https:\/\/www.redenoticia.com.br\/noticia\/wp-json\/wp\/v2\/types\/post"}],"author":[{"embeddable":true,"href":"https:\/\/www.redenoticia.com.br\/noticia\/wp-json\/wp\/v2\/users\/2"}],"replies":[{"embeddable":true,"href":"https:\/\/www.redenoticia.com.br\/noticia\/wp-json\/wp\/v2\/comments?post=71955"}],"version-history":[{"count":0,"href":"https:\/\/www.redenoticia.com.br\/noticia\/wp-json\/wp\/v2\/posts\/71955\/revisions"}],"wp:featuredmedia":[{"embeddable":true,"href":"https:\/\/www.redenoticia.com.br\/noticia\/wp-json\/wp\/v2\/media\/57585"}],"wp:attachment":[{"href":"https:\/\/www.redenoticia.com.br\/noticia\/wp-json\/wp\/v2\/media?parent=71955"}],"wp:term":[{"taxonomy":"category","embeddable":true,"href":"https:\/\/www.redenoticia.com.br\/noticia\/wp-json\/wp\/v2\/categories?post=71955"},{"taxonomy":"post_tag","embeddable":true,"href":"https:\/\/www.redenoticia.com.br\/noticia\/wp-json\/wp\/v2\/tags?post=71955"}],"curies":[{"name":"wp","href":"https:\/\/api.w.org\/{rel}","templated":true}]}}