{"id":71951,"date":"2015-06-29T12:59:14","date_gmt":"2015-06-29T15:59:14","guid":{"rendered":"http:\/\/www.redenoticia.com.br\/noticia\/?p=71951"},"modified":"2015-06-29T12:59:14","modified_gmt":"2015-06-29T15:59:14","slug":"igp-m-tem-alta-de-559-em-12-meses","status":"publish","type":"post","link":"https:\/\/www.redenoticia.com.br\/noticia\/2015\/igp-m-tem-alta-de-559-em-12-meses\/71951","title":{"rendered":"IGP-M tem alta de 5,59% em 12 meses"},"content":{"rendered":"<p> O \u00cdndice Geral de Pre\u00e7os \u2013 Mercado (IGP-M), que <strong><em>reajusta os contratos de aluguel<\/em><\/strong>, registrou alta de 5,59% nos \u00faltimos 12 meses. Em junho, a varia\u00e7\u00e3o foi 0,67% e, em maio, foi 0,41%. A varia\u00e7\u00e3o acumulada do come\u00e7o do ano at\u00e9 junho foi 4,33%.<\/p>\n<p>O \u00cdndice de Pre\u00e7os ao Produtor Amplo (IPA) apresentou taxa de varia\u00e7\u00e3o de 0,41%. No m\u00eas anterior, a taxa foi 0,3%. O \u00edndice relativo aos bens finais variou 0,6%, em junho. Em maio, esse grupo de produtos teve varia\u00e7\u00e3o de 0,5%.<\/p>\n<p>O \u00edndice referente ao grupo Bens Intermedi\u00e1rios variou 0,36%. Em maio, a taxa havia sido 0,81%. O principal respons\u00e1vel por esse movimento foi o subgrupo materiais e componentes para a manufatura, cuja taxa de varia\u00e7\u00e3o passou de 0,92% para 0,3%.<\/p>\n<p>O grupo mat\u00e9rias-primas brutas variou 0,24% em junho. Em maio, esse \u00edndice registrou varia\u00e7\u00e3o de -0,6%. Os itens que mais se destacaram foram: soja (-4,07% para -0,44%), aves (-3,6% para 0,98%) e su\u00ednos (-6,18% para 6,98%).<\/p>\n<p>O \u00cdndice de Pre\u00e7os ao Consumidor (IPC) registrou varia\u00e7\u00e3o de 0,83% em junho, ante 0,68% em maio. Cinco das oito classes de despesa mostraram acr\u00e9scimo em suas taxas. A principal contribui\u00e7\u00e3o partiu do grupo despesas diversas (0,87% para 5,47%). Tiveram tamb\u00e9m varia\u00e7\u00e3o positiva alimenta\u00e7\u00e3o (0,67% para 0,98%), transportes (0,14% para 0,28%), educa\u00e7\u00e3o (0,44% para 0,82%) e comunica\u00e7\u00e3o (-0,04% para 0,25%). Apresentaram decr\u00e9scimo os grupos sa\u00fade e cuidados pessoais (1,48% para 0,79%), vestu\u00e1rio (1,17% para 0,37%) e  habita\u00e7\u00e3o (0,75% para 0,7%). <\/p>\n<p>Fernanda Cruz &#8211; Rep\u00f3rter da Ag\u00eancia Brasil<br \/>\nEdi\u00e7\u00e3o: Gra\u00e7a Adjuto<\/p>\n","protected":false},"excerpt":{"rendered":"<p>O \u00cdndice Geral de Pre\u00e7os \u2013 Mercado (IGP-M), que reajusta os contratos de aluguel, registrou alta de 5,59% nos \u00faltimos 12 meses. Em junho, a varia\u00e7\u00e3o foi 0,67% e, em maio, foi 0,41%. A varia\u00e7\u00e3o acumulada do come\u00e7o do ano at\u00e9 junho foi 4,33%. O \u00cdndice de Pre\u00e7os ao Produtor Amplo (IPA) apresentou taxa de [&hellip;]<\/p>\n","protected":false},"author":2,"featured_media":57582,"comment_status":"open","ping_status":"closed","sticky":false,"template":"","format":"standard","meta":{"_genesis_hide_title":false,"_genesis_hide_breadcrumbs":false,"_genesis_hide_singular_image":false,"_genesis_hide_footer_widgets":false,"_genesis_custom_body_class":"","_genesis_custom_post_class":"","_genesis_layout":"","_jetpack_memberships_contains_paid_content":false,"footnotes":""},"categories":[22,7],"tags":[],"class_list":{"0":"post-71951","1":"post","2":"type-post","3":"status-publish","4":"format-standard","5":"has-post-thumbnail","7":"category-brasil","8":"category-economia","9":"entry","10":"gs-1","11":"gs-odd","12":"gs-even","13":"gs-featured-content-entry"},"jetpack_featured_media_url":"https:\/\/www.redenoticia.com.br\/noticia\/imagens\/grafico1.jpg","jetpack_sharing_enabled":true,"jetpack_likes_enabled":true,"_links":{"self":[{"href":"https:\/\/www.redenoticia.com.br\/noticia\/wp-json\/wp\/v2\/posts\/71951","targetHints":{"allow":["GET"]}}],"collection":[{"href":"https:\/\/www.redenoticia.com.br\/noticia\/wp-json\/wp\/v2\/posts"}],"about":[{"href":"https:\/\/www.redenoticia.com.br\/noticia\/wp-json\/wp\/v2\/types\/post"}],"author":[{"embeddable":true,"href":"https:\/\/www.redenoticia.com.br\/noticia\/wp-json\/wp\/v2\/users\/2"}],"replies":[{"embeddable":true,"href":"https:\/\/www.redenoticia.com.br\/noticia\/wp-json\/wp\/v2\/comments?post=71951"}],"version-history":[{"count":0,"href":"https:\/\/www.redenoticia.com.br\/noticia\/wp-json\/wp\/v2\/posts\/71951\/revisions"}],"wp:featuredmedia":[{"embeddable":true,"href":"https:\/\/www.redenoticia.com.br\/noticia\/wp-json\/wp\/v2\/media\/57582"}],"wp:attachment":[{"href":"https:\/\/www.redenoticia.com.br\/noticia\/wp-json\/wp\/v2\/media?parent=71951"}],"wp:term":[{"taxonomy":"category","embeddable":true,"href":"https:\/\/www.redenoticia.com.br\/noticia\/wp-json\/wp\/v2\/categories?post=71951"},{"taxonomy":"post_tag","embeddable":true,"href":"https:\/\/www.redenoticia.com.br\/noticia\/wp-json\/wp\/v2\/tags?post=71951"}],"curies":[{"name":"wp","href":"https:\/\/api.w.org\/{rel}","templated":true}]}}