{"id":71949,"date":"2015-06-29T12:56:39","date_gmt":"2015-06-29T15:56:39","guid":{"rendered":"http:\/\/www.redenoticia.com.br\/noticia\/?p=71949"},"modified":"2015-06-29T12:56:39","modified_gmt":"2015-06-29T15:56:39","slug":"mercado-financeiro-eleva-projecao-de-inflacao-para-9-este-ano","status":"publish","type":"post","link":"https:\/\/www.redenoticia.com.br\/noticia\/2015\/mercado-financeiro-eleva-projecao-de-inflacao-para-9-este-ano\/71949","title":{"rendered":"Mercado financeiro eleva proje\u00e7\u00e3o de infla\u00e7\u00e3o para 9% este ano"},"content":{"rendered":"<p> Institui\u00e7\u00f5es financeiras consultadas todas as semanas pelo Banco Central (BC) esperam que a <strong><em>infla\u00e7\u00e3o<\/em><\/strong>, este ano, chegue a 9%. A estimativa anterior era 8,97%. Essa foi a 11\u00aa eleva\u00e7\u00e3o seguida na estimativa e alcan\u00e7ou a proje\u00e7\u00e3o do pr\u00f3prio BC, divulgada na semana passada. Para 2016, a estimativa continua 5,50%, h\u00e1 seis semanas consecutivas.<\/p>\n<p>Essa proje\u00e7\u00e3o do mercado financeiro consta do boletim Focus divulgado pelo BC. O boletim re\u00fane proje\u00e7\u00f5es sobre o comportamento dos principais indicadores da economia.<\/p>\n<p> A meta de infla\u00e7\u00e3o, que deve ser perseguida pelo BC, tem como centro 4,5% e limite superior de 6,5%. O BC j\u00e1 desistiu de entregar a infla\u00e7\u00e3o, medida pelo \u00cdndice Nacional de Pre\u00e7os ao Consumidor Amplo (IPCA), na meta, este ano. O BC tem dito que deve alcan\u00e7ar a meta somente em 2016. Mas como as expectativas para a infla\u00e7\u00e3o no pr\u00f3ximo ano ainda est\u00e3o acima do centro da meta, o BC tem sinalizado que deve subir novamente a taxa b\u00e1sica de juros, a Selic, que j\u00e1 passou por seis altas seguidas. Atualmente, a Selic est\u00e1 em 13,75% ao ano.<\/p>\n<p>A taxa \u00e9 usada nas negocia\u00e7\u00f5es de t\u00edtulos p\u00fablicos no Sistema Especial de Liquida\u00e7\u00e3o e Cust\u00f3dia (Selic) e serve como refer\u00eancia para as demais taxas de juros da economia. Ao reajust\u00e1-la para cima, o BC freia o excesso de demanda, que pressiona os pre\u00e7os, porque os juros mais altos encarecem o cr\u00e9dito e estimulam a poupan\u00e7a. Quando reduz os juros b\u00e1sicos, o Comit\u00ea de Pol\u00edtica Monet\u00e1ria do BC (Copom) barateia o cr\u00e9dito e incentiva a produ\u00e7\u00e3o e o consumo, mas alivia o controle sobre a infla\u00e7\u00e3o.<\/p>\n<p>Embora ajude no controle dos pre\u00e7os, o aumento da taxa Selic prejudica a economia, que atravessa um ano de recess\u00e3o, com queda na produ\u00e7\u00e3o e no consumo.<\/p>\n<p>A expectativa das institui\u00e7\u00f5es financeiras para a queda da economia, este ano, passou de 1,45% para 1,49%. Essa \u00e9 a sexta piora seguida na estimativa para o Produto Interno Bruto (PIB), soma de todos os bens e servi\u00e7os produzidos no pa\u00eds. Para o pr\u00f3ximo ano, a proje\u00e7\u00e3o de crescimento caiu de 0,7% para 0,5%. Na avalia\u00e7\u00e3o do mercado financeiro, a produ\u00e7\u00e3o industrial deve ter uma queda de 4%, este ano, e crescimento de 1,5%, em 2016.<\/p>\n<p>A pesquisa do BC tamb\u00e9m traz a proje\u00e7\u00e3o para a infla\u00e7\u00e3o medida pelo \u00cdndice Geral de Pre\u00e7os-Disponibilidade Interna (IGP-DI), que subiu de 7,31% para 7,37%, este ano. Para o \u00cdndice Geral de Pre\u00e7os &#8211; Mercado (IGP-M), a estimativa segue em 7%, em 2015. A estimativa para o \u00cdndice de Pre\u00e7os ao Consumidor da Funda\u00e7\u00e3o Instituto de Pesquisas Econ\u00f4micas (IPC-Fipe) subiu de 8,45% para 8,58%, este ano.<\/p>\n<p>A proje\u00e7\u00e3o para a cota\u00e7\u00e3o do d\u00f3lar permanece em R$ 3,20, ao final de 2015, e caiu de R$ 3,40 para R$ 3,37, no fim de 2016.<\/p>\n<p>Kelly Oliveira \u2013 Rep\u00f3rter da Ag\u00eancia Brasil<br \/>\nEdi\u00e7\u00e3o: Jos\u00e9 Romildo<\/p>\n","protected":false},"excerpt":{"rendered":"<p>Institui\u00e7\u00f5es financeiras consultadas todas as semanas pelo Banco Central (BC) esperam que a infla\u00e7\u00e3o, este ano, chegue a 9%. A estimativa anterior era 8,97%. Essa foi a 11\u00aa eleva\u00e7\u00e3o seguida na estimativa e alcan\u00e7ou a proje\u00e7\u00e3o do pr\u00f3prio BC, divulgada na semana passada. Para 2016, a estimativa continua 5,50%, h\u00e1 seis semanas consecutivas. Essa proje\u00e7\u00e3o [&hellip;]<\/p>\n","protected":false},"author":2,"featured_media":34916,"comment_status":"open","ping_status":"closed","sticky":false,"template":"","format":"standard","meta":{"_genesis_hide_title":false,"_genesis_hide_breadcrumbs":false,"_genesis_hide_singular_image":false,"_genesis_hide_footer_widgets":false,"_genesis_custom_body_class":"","_genesis_custom_post_class":"","_genesis_layout":"","_jetpack_memberships_contains_paid_content":false,"footnotes":""},"categories":[22,7],"tags":[],"class_list":{"0":"post-71949","1":"post","2":"type-post","3":"status-publish","4":"format-standard","5":"has-post-thumbnail","7":"category-brasil","8":"category-economia","9":"entry","10":"gs-1","11":"gs-odd","12":"gs-even","13":"gs-featured-content-entry"},"jetpack_featured_media_url":"https:\/\/www.redenoticia.com.br\/noticia\/imagens\/inflacao.jpg","jetpack_sharing_enabled":true,"jetpack_likes_enabled":true,"_links":{"self":[{"href":"https:\/\/www.redenoticia.com.br\/noticia\/wp-json\/wp\/v2\/posts\/71949","targetHints":{"allow":["GET"]}}],"collection":[{"href":"https:\/\/www.redenoticia.com.br\/noticia\/wp-json\/wp\/v2\/posts"}],"about":[{"href":"https:\/\/www.redenoticia.com.br\/noticia\/wp-json\/wp\/v2\/types\/post"}],"author":[{"embeddable":true,"href":"https:\/\/www.redenoticia.com.br\/noticia\/wp-json\/wp\/v2\/users\/2"}],"replies":[{"embeddable":true,"href":"https:\/\/www.redenoticia.com.br\/noticia\/wp-json\/wp\/v2\/comments?post=71949"}],"version-history":[{"count":0,"href":"https:\/\/www.redenoticia.com.br\/noticia\/wp-json\/wp\/v2\/posts\/71949\/revisions"}],"wp:featuredmedia":[{"embeddable":true,"href":"https:\/\/www.redenoticia.com.br\/noticia\/wp-json\/wp\/v2\/media\/34916"}],"wp:attachment":[{"href":"https:\/\/www.redenoticia.com.br\/noticia\/wp-json\/wp\/v2\/media?parent=71949"}],"wp:term":[{"taxonomy":"category","embeddable":true,"href":"https:\/\/www.redenoticia.com.br\/noticia\/wp-json\/wp\/v2\/categories?post=71949"},{"taxonomy":"post_tag","embeddable":true,"href":"https:\/\/www.redenoticia.com.br\/noticia\/wp-json\/wp\/v2\/tags?post=71949"}],"curies":[{"name":"wp","href":"https:\/\/api.w.org\/{rel}","templated":true}]}}