{"id":71849,"date":"2015-06-26T15:59:34","date_gmt":"2015-06-26T18:59:34","guid":{"rendered":"http:\/\/www.redenoticia.com.br\/noticia\/?p=71849"},"modified":"2015-06-26T15:59:34","modified_gmt":"2015-06-26T18:59:34","slug":"tarifa-de-transporte-rodoviario-tera-reajuste-de-77-em-julho","status":"publish","type":"post","link":"https:\/\/www.redenoticia.com.br\/noticia\/2015\/tarifa-de-transporte-rodoviario-tera-reajuste-de-77-em-julho\/71849","title":{"rendered":"Tarifa de transporte rodovi\u00e1rio ter\u00e1 reajuste de 7,7% em julho"},"content":{"rendered":"<p> As <strong><em>tarifas de transporte rodovi\u00e1rio<\/em><\/strong> interestadual e internacional de passageiros ser\u00e1 reajustada em 7,7% a partir do dia 1\u00ba de julho de 2015. A autoriza\u00e7\u00e3o foi publicada pela Ag\u00eancia Nacional de Transportes Terrestres (ANTT) no Di\u00e1rio Oficial da Uni\u00e3o.<\/p>\n<p>De acordo com a resolu\u00e7\u00e3o da ANTT, os novos valores ser\u00e3o aplicados sob a justificativa de \u201cmanter o equil\u00edbrio econ\u00f4mico-financeiro das permission\u00e1rias [empresas que possuem permiss\u00e3o ou licen\u00e7a, autorizadas pela justi\u00e7a] e autorizat\u00e1rias [empresas autorizadas pela ANTT a prestar temporariamente o servi\u00e7o, ainda que sem a realiza\u00e7\u00e3o de processo licitat\u00f3rio]\u201d desse tipo de transporte. O reajuste n\u00e3o ser\u00e1 aplicado para transportes rodovi\u00e1rio interestadual e internacional semiurbano. Nesse caso, as tarifas s\u00e3o determinadas de forma diferenciada por meio de ato espec\u00edfico.<\/p>\n<p>Para definir os novos valores, a ag\u00eancia adotou coeficientes tarif\u00e1rios m\u00e1ximos a partir de c\u00e1lculos que levam em considera\u00e7\u00e3o elementos como itens de custos (instala\u00e7\u00f5es, equipamentos, pessoal, deprecia\u00e7\u00e3o de material, remunera\u00e7\u00e3o de capital, combust\u00edveis, lubrificantes, pneus, pe\u00e7as, acess\u00f3rios e administra\u00e7\u00e3o), par\u00e2metros operacionais (percurso m\u00e9dio anual, \u00edndice de aproveitamento, lota\u00e7\u00e3o m\u00e9dia da frota e fator redutor de encomendas) e adicionais de incidente (tributos, seguros, gratuidades institu\u00eddas por lei).<\/p>\n<p>Pedro Peduzzi \u2013 Rep\u00f3rter da Ag\u00eancia Brasil<br \/>\nEdi\u00e7\u00e3o: Denise Griesinger<\/p>\n","protected":false},"excerpt":{"rendered":"<p>As tarifas de transporte rodovi\u00e1rio interestadual e internacional de passageiros ser\u00e1 reajustada em 7,7% a partir do dia 1\u00ba de julho de 2015. A autoriza\u00e7\u00e3o foi publicada pela Ag\u00eancia Nacional de Transportes Terrestres (ANTT) no Di\u00e1rio Oficial da Uni\u00e3o. De acordo com a resolu\u00e7\u00e3o da ANTT, os novos valores ser\u00e3o aplicados sob a justificativa de [&hellip;]<\/p>\n","protected":false},"author":2,"featured_media":57584,"comment_status":"open","ping_status":"closed","sticky":false,"template":"","format":"standard","meta":{"_genesis_hide_title":false,"_genesis_hide_breadcrumbs":false,"_genesis_hide_singular_image":false,"_genesis_hide_footer_widgets":false,"_genesis_custom_body_class":"","_genesis_custom_post_class":"","_genesis_layout":"","_jetpack_memberships_contains_paid_content":false,"footnotes":""},"categories":[22,7],"tags":[],"class_list":{"0":"post-71849","1":"post","2":"type-post","3":"status-publish","4":"format-standard","5":"has-post-thumbnail","7":"category-brasil","8":"category-economia","9":"entry","10":"gs-1","11":"gs-odd","12":"gs-even","13":"gs-featured-content-entry"},"jetpack_featured_media_url":"https:\/\/www.redenoticia.com.br\/noticia\/imagens\/economia-grafica-analise-inflacao.jpg","jetpack_sharing_enabled":true,"jetpack_likes_enabled":true,"_links":{"self":[{"href":"https:\/\/www.redenoticia.com.br\/noticia\/wp-json\/wp\/v2\/posts\/71849","targetHints":{"allow":["GET"]}}],"collection":[{"href":"https:\/\/www.redenoticia.com.br\/noticia\/wp-json\/wp\/v2\/posts"}],"about":[{"href":"https:\/\/www.redenoticia.com.br\/noticia\/wp-json\/wp\/v2\/types\/post"}],"author":[{"embeddable":true,"href":"https:\/\/www.redenoticia.com.br\/noticia\/wp-json\/wp\/v2\/users\/2"}],"replies":[{"embeddable":true,"href":"https:\/\/www.redenoticia.com.br\/noticia\/wp-json\/wp\/v2\/comments?post=71849"}],"version-history":[{"count":0,"href":"https:\/\/www.redenoticia.com.br\/noticia\/wp-json\/wp\/v2\/posts\/71849\/revisions"}],"wp:featuredmedia":[{"embeddable":true,"href":"https:\/\/www.redenoticia.com.br\/noticia\/wp-json\/wp\/v2\/media\/57584"}],"wp:attachment":[{"href":"https:\/\/www.redenoticia.com.br\/noticia\/wp-json\/wp\/v2\/media?parent=71849"}],"wp:term":[{"taxonomy":"category","embeddable":true,"href":"https:\/\/www.redenoticia.com.br\/noticia\/wp-json\/wp\/v2\/categories?post=71849"},{"taxonomy":"post_tag","embeddable":true,"href":"https:\/\/www.redenoticia.com.br\/noticia\/wp-json\/wp\/v2\/tags?post=71849"}],"curies":[{"name":"wp","href":"https:\/\/api.w.org\/{rel}","templated":true}]}}