{"id":71805,"date":"2015-06-25T17:17:55","date_gmt":"2015-06-25T20:17:55","guid":{"rendered":"http:\/\/www.redenoticia.com.br\/noticia\/?p=71805"},"modified":"2015-06-25T17:30:32","modified_gmt":"2015-06-25T20:30:32","slug":"populacao-desocupada-cresce-385-em-relacao-a-maio-do-ano-passado","status":"publish","type":"post","link":"https:\/\/www.redenoticia.com.br\/noticia\/2015\/populacao-desocupada-cresce-385-em-relacao-a-maio-do-ano-passado\/71805","title":{"rendered":"Popula\u00e7\u00e3o desocupada cresce 38,5% em rela\u00e7\u00e3o a maio do ano passado"},"content":{"rendered":"<p> A popula\u00e7\u00e3o desocupada (o IBGE utiliza a express\u00e3o desocupado para definir a pessoa que est\u00e1 tentando se inserir no mercado de trabalho) nas seis regi\u00f5es metropolitanas englobadas na Pesquisa Mensal do Emprego, em maio deste ano, incluiu mais 454 mil pessoas na compara\u00e7\u00e3o com maio do ano passado, alta de 38,5%. O total de desocupados em maio de 2015 alcan\u00e7ou 1,6 milh\u00e3o de pessoas. O crescimento percentual em 2015 \u00e9 o maior registrado pela pesquisa desde mar\u00e7o de 2002, quando come\u00e7a a s\u00e9rie hist\u00f3rica.<\/p>\n<p>Os dados foram divulgados pelo Instituto Brasileiro de Geografia e Estat\u00edstica (IBGE). <\/p>\n<p>Apesar do crescimento em rela\u00e7\u00e3o a maio do ano passado, o contingente de 1,6 milh\u00e3o de desocupados n\u00e3o \u00e9 maior estatisticamente que o registrado em abril deste ano. Percentualmente, houve alta de 4,8% de abril para maio.<\/p>\n<p>A pesquisa \u00e9 realizada nas regi\u00f5es metropolitanas de S\u00e3o Paulo, Rio de Janeiro, Belo Horizonte, Salvador, Recife e Porto Alegre. A regi\u00e3o que teve a maior alta no n\u00famero absoluto de desocupados foi Porto Alegre, englobando 96% mais desempregados que em maio do ano passado e 11,9% mais que em abril. O IBGE estima que o n\u00famero de pessoas que procurou e n\u00e3o encontrou emprego no m\u00eas de maio na grande Porto Alegre alcan\u00e7ou 115 mil pessoas.<\/p>\n<p>Ainda assim, o desemprego em Porto Alegre \u00e9 um dos menores do pa\u00eds, com 5,6%, enquanto a m\u00e9dia nacional \u00e9 6,7%. No ano passado, Porto Alegre registrava desemprego de 3%.<\/p>\n<p>Em S\u00e3o Paulo, a popula\u00e7\u00e3o desocupada subiu 39% na compara\u00e7\u00e3o com  o ano passado e 8,5% na compara\u00e7\u00e3o com abril. Em n\u00fameros absolutos, 198 mil pessoas \u2013 na compara\u00e7\u00e3o interanual \u2013 procuraram e n\u00e3o encontraram emprego em S\u00e3o Paulo, englobando um total de 707 mil.<\/p>\n<p>Vin\u00edcius Lisboa \u2013 Rep\u00f3rter da Ag\u00eancia Brasil<br \/>\nEdi\u00e7\u00e3o: Jos\u00e9 Romildo<\/p>\n","protected":false},"excerpt":{"rendered":"<p>A popula\u00e7\u00e3o desocupada (o IBGE utiliza a express\u00e3o desocupado para definir a pessoa que est\u00e1 tentando se inserir no mercado de trabalho) nas seis regi\u00f5es metropolitanas englobadas na Pesquisa Mensal do Emprego, em maio deste ano, incluiu mais 454 mil pessoas na compara\u00e7\u00e3o com maio do ano passado, alta de 38,5%. O total de desocupados [&hellip;]<\/p>\n","protected":false},"author":2,"featured_media":38940,"comment_status":"open","ping_status":"closed","sticky":false,"template":"","format":"standard","meta":{"_genesis_hide_title":false,"_genesis_hide_breadcrumbs":false,"_genesis_hide_singular_image":false,"_genesis_hide_footer_widgets":false,"_genesis_custom_body_class":"","_genesis_custom_post_class":"","_genesis_layout":"","_jetpack_memberships_contains_paid_content":false,"footnotes":""},"categories":[22,7],"tags":[],"class_list":{"0":"post-71805","1":"post","2":"type-post","3":"status-publish","4":"format-standard","5":"has-post-thumbnail","7":"category-brasil","8":"category-economia","9":"entry","10":"gs-1","11":"gs-odd","12":"gs-even","13":"gs-featured-content-entry"},"jetpack_featured_media_url":"https:\/\/www.redenoticia.com.br\/noticia\/imagens\/grafico.jpg","jetpack_sharing_enabled":true,"jetpack_likes_enabled":true,"_links":{"self":[{"href":"https:\/\/www.redenoticia.com.br\/noticia\/wp-json\/wp\/v2\/posts\/71805","targetHints":{"allow":["GET"]}}],"collection":[{"href":"https:\/\/www.redenoticia.com.br\/noticia\/wp-json\/wp\/v2\/posts"}],"about":[{"href":"https:\/\/www.redenoticia.com.br\/noticia\/wp-json\/wp\/v2\/types\/post"}],"author":[{"embeddable":true,"href":"https:\/\/www.redenoticia.com.br\/noticia\/wp-json\/wp\/v2\/users\/2"}],"replies":[{"embeddable":true,"href":"https:\/\/www.redenoticia.com.br\/noticia\/wp-json\/wp\/v2\/comments?post=71805"}],"version-history":[{"count":0,"href":"https:\/\/www.redenoticia.com.br\/noticia\/wp-json\/wp\/v2\/posts\/71805\/revisions"}],"wp:featuredmedia":[{"embeddable":true,"href":"https:\/\/www.redenoticia.com.br\/noticia\/wp-json\/wp\/v2\/media\/38940"}],"wp:attachment":[{"href":"https:\/\/www.redenoticia.com.br\/noticia\/wp-json\/wp\/v2\/media?parent=71805"}],"wp:term":[{"taxonomy":"category","embeddable":true,"href":"https:\/\/www.redenoticia.com.br\/noticia\/wp-json\/wp\/v2\/categories?post=71805"},{"taxonomy":"post_tag","embeddable":true,"href":"https:\/\/www.redenoticia.com.br\/noticia\/wp-json\/wp\/v2\/tags?post=71805"}],"curies":[{"name":"wp","href":"https:\/\/api.w.org\/{rel}","templated":true}]}}