{"id":71803,"date":"2015-06-25T17:27:11","date_gmt":"2015-06-25T20:27:11","guid":{"rendered":"http:\/\/www.redenoticia.com.br\/noticia\/?p=71803"},"modified":"2015-06-25T17:27:11","modified_gmt":"2015-06-25T20:27:11","slug":"renda-media-do-brasileiro-cai-19-em-maio-mostra-ibge","status":"publish","type":"post","link":"https:\/\/www.redenoticia.com.br\/noticia\/2015\/renda-media-do-brasileiro-cai-19-em-maio-mostra-ibge\/71803","title":{"rendered":"Renda m\u00e9dia do brasileiro cai 1,9% em maio, mostra IBGE"},"content":{"rendered":"<p>O <strong><em>rendimento<\/em><\/strong> real habitual m\u00e9dio do brasileiro caiu 1,9% em maio na compara\u00e7\u00e3o com abril, informou o Instituto Brasileiro de Geografia e Estat\u00edstica (IBGE). O valor ficou em R$ 2.117,10 no quinto m\u00eas de 2015. Em abril, a renda m\u00e9dia era R$ 2.158,74.<\/p>\n<p>A queda em rela\u00e7\u00e3o a maio do ano passado chegou a 5%: o rendimento registrado no per\u00edodo chegou a R$ 2.229,28.<\/p>\n<p>A massa de rendimento m\u00e9dio real habitual, que totaliza a renda dos trabalhadores, recuou 1,8% na compara\u00e7\u00e3o com abril e diminuiu 5,8% em rela\u00e7\u00e3o a maio do ano passado. O valor chegou a R$ 48,9 bilh\u00f5es em maio de 2015.<\/p>\n<p>A queda do rendimento m\u00e9dio ocorreu em cinco das seis regi\u00f5es metropolitanas pesquisadas pelo IBGE. A maior delas foi registrada em S\u00e3o Paulo (-3%). Em Belo Horizonte, a renda m\u00e9dia caiu 2,9% e, em Salvador, 2,1%. Porto Alegre foi a \u00fanica que registrou alta no rendimento, de 1%, na compara\u00e7\u00e3o com abril.<\/p>\n<p>Quatro dos sete grupamentos de atividade estudados registraram quedas no rendimento, sendo a maior delas nos servi\u00e7os prestados \u00e0s empresas, alugu\u00e9is, atividades imobili\u00e1rias e intermedia\u00e7\u00e3o financeira, com &#8211; 5,1% na compara\u00e7\u00e3o com abril e -9,2% em rela\u00e7\u00e3o a maio do ano passado.<\/p>\n<p>Vin\u00edcius Lisboa &#8211; Rep\u00f3rter da Ag\u00eancia Brasil<br \/>\nEdi\u00e7\u00e3o: Jos\u00e9 Romildo<\/p>\n","protected":false},"excerpt":{"rendered":"<p>O rendimento real habitual m\u00e9dio do brasileiro caiu 1,9% em maio na compara\u00e7\u00e3o com abril, informou o Instituto Brasileiro de Geografia e Estat\u00edstica (IBGE). O valor ficou em R$ 2.117,10 no quinto m\u00eas de 2015. Em abril, a renda m\u00e9dia era R$ 2.158,74. A queda em rela\u00e7\u00e3o a maio do ano passado chegou a 5%: [&hellip;]<\/p>\n","protected":false},"author":2,"featured_media":57584,"comment_status":"open","ping_status":"closed","sticky":false,"template":"","format":"standard","meta":{"_genesis_hide_title":false,"_genesis_hide_breadcrumbs":false,"_genesis_hide_singular_image":false,"_genesis_hide_footer_widgets":false,"_genesis_custom_body_class":"","_genesis_custom_post_class":"","_genesis_layout":"","_jetpack_memberships_contains_paid_content":false,"footnotes":""},"categories":[22,7],"tags":[],"class_list":{"0":"post-71803","1":"post","2":"type-post","3":"status-publish","4":"format-standard","5":"has-post-thumbnail","7":"category-brasil","8":"category-economia","9":"entry","10":"gs-1","11":"gs-odd","12":"gs-even","13":"gs-featured-content-entry"},"jetpack_featured_media_url":"https:\/\/www.redenoticia.com.br\/noticia\/imagens\/economia-grafica-analise-inflacao.jpg","jetpack_sharing_enabled":true,"jetpack_likes_enabled":true,"_links":{"self":[{"href":"https:\/\/www.redenoticia.com.br\/noticia\/wp-json\/wp\/v2\/posts\/71803","targetHints":{"allow":["GET"]}}],"collection":[{"href":"https:\/\/www.redenoticia.com.br\/noticia\/wp-json\/wp\/v2\/posts"}],"about":[{"href":"https:\/\/www.redenoticia.com.br\/noticia\/wp-json\/wp\/v2\/types\/post"}],"author":[{"embeddable":true,"href":"https:\/\/www.redenoticia.com.br\/noticia\/wp-json\/wp\/v2\/users\/2"}],"replies":[{"embeddable":true,"href":"https:\/\/www.redenoticia.com.br\/noticia\/wp-json\/wp\/v2\/comments?post=71803"}],"version-history":[{"count":0,"href":"https:\/\/www.redenoticia.com.br\/noticia\/wp-json\/wp\/v2\/posts\/71803\/revisions"}],"wp:featuredmedia":[{"embeddable":true,"href":"https:\/\/www.redenoticia.com.br\/noticia\/wp-json\/wp\/v2\/media\/57584"}],"wp:attachment":[{"href":"https:\/\/www.redenoticia.com.br\/noticia\/wp-json\/wp\/v2\/media?parent=71803"}],"wp:term":[{"taxonomy":"category","embeddable":true,"href":"https:\/\/www.redenoticia.com.br\/noticia\/wp-json\/wp\/v2\/categories?post=71803"},{"taxonomy":"post_tag","embeddable":true,"href":"https:\/\/www.redenoticia.com.br\/noticia\/wp-json\/wp\/v2\/tags?post=71803"}],"curies":[{"name":"wp","href":"https:\/\/api.w.org\/{rel}","templated":true}]}}