{"id":71799,"date":"2015-06-25T17:12:56","date_gmt":"2015-06-25T20:12:56","guid":{"rendered":"http:\/\/www.redenoticia.com.br\/noticia\/?p=71799"},"modified":"2015-06-25T17:12:56","modified_gmt":"2015-06-25T20:12:56","slug":"arrecadacao-federal-em-maio-e-a-menor-para-o-mes-desde-2010","status":"publish","type":"post","link":"https:\/\/www.redenoticia.com.br\/noticia\/2015\/arrecadacao-federal-em-maio-e-a-menor-para-o-mes-desde-2010\/71799","title":{"rendered":"Arrecada\u00e7\u00e3o federal em maio \u00e9 a menor para o m\u00eas desde 2010"},"content":{"rendered":"<p> A <strong><em>arrecada\u00e7\u00e3o de impostos<\/em><\/strong> e de contribui\u00e7\u00f5es federais no m\u00eas de maio ficou em R$ 91,5 bilh\u00f5es, informou a Receita Federal. A queda \u00e9 4,03% em rela\u00e7\u00e3o a maio de 2014, descontada a infla\u00e7\u00e3o oficial pelo \u00cdndice Nacional de Pre\u00e7os ao Consumidor Amplo (IPCA). A arrecada\u00e7\u00e3o foi a menor para o m\u00eas desde 2010, em valores corrigidos pelo mesmo \u00edndice, quando foram registrados R$ 86,1 bilh\u00f5es.<\/p>\n<p>Com o resultado de abril, a arrecada\u00e7\u00e3o federal no acumulado do ano soma R$ 510,117 bilh\u00f5es, com queda de 2,95% tamb\u00e9m descontada a infla\u00e7\u00e3o pelo IPCA. Segundo o Fisco, a redu\u00e7\u00e3o da arrecada\u00e7\u00e3o \u00e9 decorrente da redu\u00e7\u00e3o de 21,33% no m\u00eas de maio e de 7,44% no acumulado do ano na arrecada\u00e7\u00e3o do Imposto de Renda Pessoa Jur\u00eddica e da Contribui\u00e7\u00e3o Social sobre o Lucro L\u00edquido, tributos que refletem a din\u00e2mica da economia no setor produtivo.<\/p>\n<p>Outras medidas foram as desonera\u00e7\u00f5es tribut\u00e1rias, que totalizaram no acumulado do ano R$ 47,1 bilh\u00f5es. Influenciaram ainda no per\u00edodo de dezembro a abril, como fato gerador da arrecada\u00e7\u00e3o em maio, o saldo negativo da produ\u00e7\u00e3o industrial de 5,7%, a queda na venda de bens em 5,15% e o recuo no valor em d\u00f3lar das importa\u00e7\u00f5es de 23,17%. A massa salarial, no entanto, registrou crescimento de 6,17%.<\/p>\n<p>Para diminuir os custos das desonera\u00e7\u00f5es, a equipe econ\u00f4mica est\u00e1 revertendo parte dos benef\u00edcios fiscais concedidos nos \u00faltimos anos para aquecer a economia, devido \u00e0 crise iniciada em 2008. No Congresso Nacional, deve terminar hoje a vota\u00e7\u00e3o que muda as regras de desonera\u00e7\u00e3o da folha de pagamento de 56 setores da economia. Essa \u00e9 a \u00faltima proposta do governo sobre o ajuste fiscal encaminhada \u00e0 aprecia\u00e7\u00e3o do Congresso.<\/p>\n<p>Daniel Lima \u2013 Rep\u00f3rter da Ag\u00eancia Brasil<br \/>\nEdi\u00e7\u00e3o: Denise Griesinger<\/p>\n","protected":false},"excerpt":{"rendered":"<p>A arrecada\u00e7\u00e3o de impostos e de contribui\u00e7\u00f5es federais no m\u00eas de maio ficou em R$ 91,5 bilh\u00f5es, informou a Receita Federal. A queda \u00e9 4,03% em rela\u00e7\u00e3o a maio de 2014, descontada a infla\u00e7\u00e3o oficial pelo \u00cdndice Nacional de Pre\u00e7os ao Consumidor Amplo (IPCA). A arrecada\u00e7\u00e3o foi a menor para o m\u00eas desde 2010, em [&hellip;]<\/p>\n","protected":false},"author":2,"featured_media":40734,"comment_status":"open","ping_status":"closed","sticky":false,"template":"","format":"standard","meta":{"_genesis_hide_title":false,"_genesis_hide_breadcrumbs":false,"_genesis_hide_singular_image":false,"_genesis_hide_footer_widgets":false,"_genesis_custom_body_class":"","_genesis_custom_post_class":"","_genesis_layout":"","_jetpack_memberships_contains_paid_content":false,"footnotes":""},"categories":[22,7],"tags":[],"class_list":{"0":"post-71799","1":"post","2":"type-post","3":"status-publish","4":"format-standard","5":"has-post-thumbnail","7":"category-brasil","8":"category-economia","9":"entry","10":"gs-1","11":"gs-odd","12":"gs-even","13":"gs-featured-content-entry"},"jetpack_featured_media_url":"https:\/\/www.redenoticia.com.br\/noticia\/imagens\/economia-resultados.jpg","jetpack_sharing_enabled":true,"jetpack_likes_enabled":true,"_links":{"self":[{"href":"https:\/\/www.redenoticia.com.br\/noticia\/wp-json\/wp\/v2\/posts\/71799","targetHints":{"allow":["GET"]}}],"collection":[{"href":"https:\/\/www.redenoticia.com.br\/noticia\/wp-json\/wp\/v2\/posts"}],"about":[{"href":"https:\/\/www.redenoticia.com.br\/noticia\/wp-json\/wp\/v2\/types\/post"}],"author":[{"embeddable":true,"href":"https:\/\/www.redenoticia.com.br\/noticia\/wp-json\/wp\/v2\/users\/2"}],"replies":[{"embeddable":true,"href":"https:\/\/www.redenoticia.com.br\/noticia\/wp-json\/wp\/v2\/comments?post=71799"}],"version-history":[{"count":0,"href":"https:\/\/www.redenoticia.com.br\/noticia\/wp-json\/wp\/v2\/posts\/71799\/revisions"}],"wp:featuredmedia":[{"embeddable":true,"href":"https:\/\/www.redenoticia.com.br\/noticia\/wp-json\/wp\/v2\/media\/40734"}],"wp:attachment":[{"href":"https:\/\/www.redenoticia.com.br\/noticia\/wp-json\/wp\/v2\/media?parent=71799"}],"wp:term":[{"taxonomy":"category","embeddable":true,"href":"https:\/\/www.redenoticia.com.br\/noticia\/wp-json\/wp\/v2\/categories?post=71799"},{"taxonomy":"post_tag","embeddable":true,"href":"https:\/\/www.redenoticia.com.br\/noticia\/wp-json\/wp\/v2\/tags?post=71799"}],"curies":[{"name":"wp","href":"https:\/\/api.w.org\/{rel}","templated":true}]}}