{"id":71793,"date":"2015-06-25T17:04:37","date_gmt":"2015-06-25T20:04:37","guid":{"rendered":"http:\/\/www.redenoticia.com.br\/noticia\/?p=71793"},"modified":"2015-06-25T17:04:37","modified_gmt":"2015-06-25T20:04:37","slug":"sao-paulo-tem-o-segundo-maior-reduto-de-cavernas-do-brasil","status":"publish","type":"post","link":"https:\/\/www.redenoticia.com.br\/noticia\/2015\/sao-paulo-tem-o-segundo-maior-reduto-de-cavernas-do-brasil\/71793","title":{"rendered":"S\u00e3o Paulo tem o segundo maior reduto de cavernas do Brasil"},"content":{"rendered":"<p>S\u00e3o Paulo \u00e9 o segundo estado do pa\u00eds com o maior n\u00famero de <strong><em>cavernas<\/em><\/strong>. De acordo com o cadastro nacional da Sociedade Brasileira de Espeleologia (SBE), o\u00a0patrim\u00f4nio de cavernas paulista representa 12,5% de todas do Brasil. Perde apenas para Minas Gerais em n\u00famero de s\u00edtios.<\/p>\n<p>S\u00e3o 718 s\u00edtios espeleol\u00f3gicos cadastrados, al\u00e9m de mais 40 indicados para integrar a lista, com levantamento topogr\u00e1fico, extens\u00e3o, tipos de rochas e outros dados inventariados. Do total, 441 ficam no munic\u00edpio de Iporanga e outras 80 em Apia\u00ed, o que faz do Petar a \u00e1rea com maior concentra\u00e7\u00e3o de cavernas no pa\u00eds.<\/p>\n<p>A Casa da Pedra, no Petar, tem p\u00f3rtico de entrada de 215 m, o maior do mundo, e cavernas com grande profundidade, como Abismo do Juvenal, com 241 m de desn\u00edvel. H\u00e1 ainda cavidades de grandes dimens\u00f5es em rochas n\u00e3o calc\u00e1rias. Entre elas, a Gruta, em Itu. Com cerca de 1.250 m, \u00e9 a maior caverna em granito do pa\u00eds e uma das maiores do mundo.<\/p>\n<p>As cavernas paulistas t\u00eam grande variedade de forma\u00e7\u00f5es rochosas. Entre elas, destacam-se a Caverna de Santana, em Iporanga, e a Caverna do Diabo, em Eldorado. Al\u00e9m da facilidade de acesso e dos servi\u00e7os de recep\u00e7\u00e3o e monitoria ambiental, atraem visitantes por causa da beleza das forma\u00e7\u00f5es, como o Sal\u00e3o da Catedral da Caverna do Diabo, com estalagmites de 20 m de altura.<\/p>\n<p>Outras cavidades se caracterizam pelos aspectos arqueol\u00f3gicos e hist\u00f3ricos, registrando sepultamentos ind\u00edgenas antigos ou f\u00f3sseis, como os de pregui\u00e7as e tatus gigantes, que habitaram a regi\u00e3o na era geol\u00f3gica conhecida como pleistoceno, iniciada h\u00e1 1,750 milh\u00e3o de anos.<\/p>\n<p>H\u00e1 ainda cavernas de import\u00e2ncia religiosa como a Gruta do Itamb\u00e9, em Altin\u00f3polis. Das cavernas paulistas, 58 t\u00eam import\u00e2ncia tur\u00edstica e, dessas, 32 j\u00e1 disp\u00f5em de planos de manejo espeleol\u00f3gico, com zoneamento, regras de visita\u00e7\u00e3o, uso para pesquisas e outras atividades. De acordo com pesquisadores, novas cavernas ainda devem ser descobertas.<\/p>\n<p>Do Portal do Governo do Estado SP<\/p>\n","protected":false},"excerpt":{"rendered":"<p>S\u00e3o Paulo \u00e9 o segundo estado do pa\u00eds com o maior n\u00famero de cavernas. De acordo com o cadastro nacional da Sociedade Brasileira de Espeleologia (SBE), o\u00a0patrim\u00f4nio de cavernas paulista representa 12,5% de todas do Brasil. Perde apenas para Minas Gerais em n\u00famero de s\u00edtios. S\u00e3o 718 s\u00edtios espeleol\u00f3gicos cadastrados, al\u00e9m de mais 40 indicados [&hellip;]<\/p>\n","protected":false},"author":2,"featured_media":39993,"comment_status":"open","ping_status":"closed","sticky":false,"template":"","format":"standard","meta":{"_genesis_hide_title":false,"_genesis_hide_breadcrumbs":false,"_genesis_hide_singular_image":false,"_genesis_hide_footer_widgets":false,"_genesis_custom_body_class":"","_genesis_custom_post_class":"","_genesis_layout":"","_jetpack_memberships_contains_paid_content":false,"footnotes":""},"categories":[22],"tags":[],"class_list":{"0":"post-71793","1":"post","2":"type-post","3":"status-publish","4":"format-standard","5":"has-post-thumbnail","7":"category-brasil","8":"entry","9":"gs-1","10":"gs-odd","11":"gs-even","12":"gs-featured-content-entry"},"jetpack_featured_media_url":"https:\/\/www.redenoticia.com.br\/noticia\/imagens\/viagem-turismo-ferias-mapa.jpg","jetpack_sharing_enabled":true,"jetpack_likes_enabled":true,"_links":{"self":[{"href":"https:\/\/www.redenoticia.com.br\/noticia\/wp-json\/wp\/v2\/posts\/71793","targetHints":{"allow":["GET"]}}],"collection":[{"href":"https:\/\/www.redenoticia.com.br\/noticia\/wp-json\/wp\/v2\/posts"}],"about":[{"href":"https:\/\/www.redenoticia.com.br\/noticia\/wp-json\/wp\/v2\/types\/post"}],"author":[{"embeddable":true,"href":"https:\/\/www.redenoticia.com.br\/noticia\/wp-json\/wp\/v2\/users\/2"}],"replies":[{"embeddable":true,"href":"https:\/\/www.redenoticia.com.br\/noticia\/wp-json\/wp\/v2\/comments?post=71793"}],"version-history":[{"count":0,"href":"https:\/\/www.redenoticia.com.br\/noticia\/wp-json\/wp\/v2\/posts\/71793\/revisions"}],"wp:featuredmedia":[{"embeddable":true,"href":"https:\/\/www.redenoticia.com.br\/noticia\/wp-json\/wp\/v2\/media\/39993"}],"wp:attachment":[{"href":"https:\/\/www.redenoticia.com.br\/noticia\/wp-json\/wp\/v2\/media?parent=71793"}],"wp:term":[{"taxonomy":"category","embeddable":true,"href":"https:\/\/www.redenoticia.com.br\/noticia\/wp-json\/wp\/v2\/categories?post=71793"},{"taxonomy":"post_tag","embeddable":true,"href":"https:\/\/www.redenoticia.com.br\/noticia\/wp-json\/wp\/v2\/tags?post=71793"}],"curies":[{"name":"wp","href":"https:\/\/api.w.org\/{rel}","templated":true}]}}