{"id":71737,"date":"2015-06-24T17:11:56","date_gmt":"2015-06-24T20:11:56","guid":{"rendered":"http:\/\/www.redenoticia.com.br\/noticia\/?p=71737"},"modified":"2015-06-24T17:11:56","modified_gmt":"2015-06-24T20:11:56","slug":"credito-deve-crescer-9-este-ano-a-menor-expansao-desde-2003","status":"publish","type":"post","link":"https:\/\/www.redenoticia.com.br\/noticia\/2015\/credito-deve-crescer-9-este-ano-a-menor-expansao-desde-2003\/71737","title":{"rendered":"Cr\u00e9dito deve crescer 9% este ano, a menor expans\u00e3o desde 2003"},"content":{"rendered":"<p> Com taxas de juros mais altas, o <strong><em>saldo das opera\u00e7\u00f5es de cr\u00e9dito<\/em><\/strong> deve crescer menos este ano. Segundo estimativa do Banco Central (BC), a expans\u00e3o do cr\u00e9dito deve ficar em 9%, em 2015. A proje\u00e7\u00e3o anterior do BC, divulgada em mar\u00e7o, era 11%. No ano passado, o cr\u00e9dito cresceu 11,3%. Essa ser\u00e1 a menor taxa de crescimento do cr\u00e9dito desde 2003, quando ficou em 8,8%.<\/p>\n<p>A proje\u00e7\u00e3o para o crescimento do cr\u00e9dito livre, em que os bancos t\u00eam autonomia para aplicar o dinheiro captado no mercado e definir as taxas de juros, passou de 6% para 5%. A estimativa para a expans\u00e3o do cr\u00e9dito direcionado (empr\u00e9stimos com regras definidas pelo governo, destinados, basicamente, aos setores habitacional, rural e de infraestrutura) foi alterada de 16% para 14%.<\/p>\n<p>O cr\u00e9dito dos bancos p\u00fablicos deve apresentar expans\u00e3o de 13%, ante estimativa anterior de 14%. J\u00e1 as institui\u00e7\u00f5es privadas nacionais deve ter crescimento de 4%, bem menor do que 7% previstos em mar\u00e7o. Os bancos privados estrangeiros ter\u00e3o expans\u00e3o de 7% no cr\u00e9dito, a mesma estimativa anterior do BC.<\/p>\n<p>O saldo das opera\u00e7\u00f5es de credito em rela\u00e7\u00e3o ao Produto Interno Bruto (PIB), soma de todos os bens e servi\u00e7os produzidos no pa\u00eds, deve ficar em 56%, este ano. No ano passado, essa rela\u00e7\u00e3o ficou em 54,7%.<\/p>\n<p>Segundo o chefe do Departamento Econ\u00f4mico do BC, Tulio Maciel, a modera\u00e7\u00e3o do cr\u00e9dito e o aumento das taxas de juros seguem o atual quadro econ\u00f4mico, com aumento da taxa b\u00e1sica de juros, a Selic, corte de gastos p\u00fablicos e retra\u00e7\u00e3o da economia. \u201cDe uma maneira geral, o comportamento do mercado de cr\u00e9dito segue o ajuste macroecon\u00f4mico em curso\u201d, disse.<\/p>\n<p>Para Maciel, esse cen\u00e1rio traz reflexos tanto para bancos, que oferecem menos cr\u00e9dito, quanto para os clientes, que reduzem a procura por empr\u00e9stimos.<\/p>\n<p>Maciel lembrou que as taxas de juros do cr\u00e9dito sobem em linha com o aumento a Selic, atualmente em 13,75% ao ano. A Selic j\u00e1 passou por seis altas seguidas. Em dezembro de 2014, a taxa de juros para pessoas f\u00edsicas estava em 49,6% ao ano e, em maio, chegou ao recorde da s\u00e9rie hist\u00f3rica iniciada em 2011 ao ficar em 57,3% ao ano.<\/p>\n<p>A taxa de juros mais alta na pesquisa do BC \u00e9 a do rotativo do cart\u00e3o de cr\u00e9dito, que subiu 13,1 pontos percentuais, de abril para maio, para 360,6% ao ano. \u201cO cr\u00e9dito rotativo por defini\u00e7\u00e3o tem taxa de inadimpl\u00eancia mais elevada e isso acaba refletindo na taxa de juros\u201d, disse Maciel. Ele acrescentou que os cidad\u00e3os devem ficar atentos \u00e0 taxa de juros dessa modalidade e usar somente em casos excepcionais e por prazo muito curto de tempo.<\/p>\n<p>Kelly Oliveira \u2013 Rep\u00f3rter da Ag\u00eancia Brasil<br \/>\nEdi\u00e7\u00e3o: Jos\u00e9 Romildo<\/p>\n","protected":false},"excerpt":{"rendered":"<p>Com taxas de juros mais altas, o saldo das opera\u00e7\u00f5es de cr\u00e9dito deve crescer menos este ano. Segundo estimativa do Banco Central (BC), a expans\u00e3o do cr\u00e9dito deve ficar em 9%, em 2015. A proje\u00e7\u00e3o anterior do BC, divulgada em mar\u00e7o, era 11%. No ano passado, o cr\u00e9dito cresceu 11,3%. Essa ser\u00e1 a menor taxa [&hellip;]<\/p>\n","protected":false},"author":2,"featured_media":57583,"comment_status":"open","ping_status":"closed","sticky":false,"template":"","format":"standard","meta":{"_genesis_hide_title":false,"_genesis_hide_breadcrumbs":false,"_genesis_hide_singular_image":false,"_genesis_hide_footer_widgets":false,"_genesis_custom_body_class":"","_genesis_custom_post_class":"","_genesis_layout":"","_jetpack_memberships_contains_paid_content":false,"footnotes":""},"categories":[22,7],"tags":[],"class_list":{"0":"post-71737","1":"post","2":"type-post","3":"status-publish","4":"format-standard","5":"has-post-thumbnail","7":"category-brasil","8":"category-economia","9":"entry","10":"gs-1","11":"gs-odd","12":"gs-even","13":"gs-featured-content-entry"},"jetpack_featured_media_url":"https:\/\/www.redenoticia.com.br\/noticia\/imagens\/economia-grafico.jpg","jetpack_sharing_enabled":true,"jetpack_likes_enabled":true,"_links":{"self":[{"href":"https:\/\/www.redenoticia.com.br\/noticia\/wp-json\/wp\/v2\/posts\/71737","targetHints":{"allow":["GET"]}}],"collection":[{"href":"https:\/\/www.redenoticia.com.br\/noticia\/wp-json\/wp\/v2\/posts"}],"about":[{"href":"https:\/\/www.redenoticia.com.br\/noticia\/wp-json\/wp\/v2\/types\/post"}],"author":[{"embeddable":true,"href":"https:\/\/www.redenoticia.com.br\/noticia\/wp-json\/wp\/v2\/users\/2"}],"replies":[{"embeddable":true,"href":"https:\/\/www.redenoticia.com.br\/noticia\/wp-json\/wp\/v2\/comments?post=71737"}],"version-history":[{"count":0,"href":"https:\/\/www.redenoticia.com.br\/noticia\/wp-json\/wp\/v2\/posts\/71737\/revisions"}],"wp:featuredmedia":[{"embeddable":true,"href":"https:\/\/www.redenoticia.com.br\/noticia\/wp-json\/wp\/v2\/media\/57583"}],"wp:attachment":[{"href":"https:\/\/www.redenoticia.com.br\/noticia\/wp-json\/wp\/v2\/media?parent=71737"}],"wp:term":[{"taxonomy":"category","embeddable":true,"href":"https:\/\/www.redenoticia.com.br\/noticia\/wp-json\/wp\/v2\/categories?post=71737"},{"taxonomy":"post_tag","embeddable":true,"href":"https:\/\/www.redenoticia.com.br\/noticia\/wp-json\/wp\/v2\/tags?post=71737"}],"curies":[{"name":"wp","href":"https:\/\/api.w.org\/{rel}","templated":true}]}}