{"id":71735,"date":"2015-06-24T17:10:01","date_gmt":"2015-06-24T20:10:01","guid":{"rendered":"http:\/\/www.redenoticia.com.br\/noticia\/?p=71735"},"modified":"2015-06-24T17:10:01","modified_gmt":"2015-06-24T20:10:01","slug":"brasil-passa-por-momento-mais-dificil-do-ajuste-da-economia-diz-ipea","status":"publish","type":"post","link":"https:\/\/www.redenoticia.com.br\/noticia\/2015\/brasil-passa-por-momento-mais-dificil-do-ajuste-da-economia-diz-ipea\/71735","title":{"rendered":"Brasil passa por momento mais dif\u00edcil do ajuste da economia, diz Ipea"},"content":{"rendered":"<p> A <strong><em>queda da atividade econ\u00f4mica<\/em><\/strong>, piora do desemprego e press\u00e3o inflacion\u00e1ria em raz\u00e3o do reajuste de pre\u00e7os administrados \u2013 tarifas de servi\u00e7os p\u00fablicos \u2013 s\u00e3o custos do ajuste fiscal promovido pelo governo federal, cujos benef\u00edcios s\u00f3 dever\u00e3o ser sentidos no m\u00e9dio e longo prazos. A avalia\u00e7\u00e3o \u00e9 do Instituto de Pesquisa Econ\u00f4mica Aplicada (Ipea) na Carta de Conjuntura n\u00famero 27, divulgada no Rio de Janeiro.<\/p>\n<p>\u201cOs benef\u00edcios do ajuste demoram a aparecer. N\u00e3o existe uma regra. N\u00e3o sabemos dizer quanto tempo exatamente demora\u201d, disse o coordenador do Grupo de Estudos de Conjuntura do Ipea, Fernando Ribeiro.<\/p>\n<p> A incerteza em rela\u00e7\u00e3o ao tempo necess\u00e1rio para que os benef\u00edcios do ajuste sejam sentidos pela sociedade levou os economistas desse grupo de estudos a avaliar que o Brasil passa pelo momento mais dif\u00edcil do processo de ajuste, \u201cporque os custos est\u00e3o aparecendo claramente, mas os benef\u00edcios ainda n\u00e3o s\u00e3o vis\u00edveis\u201d.<\/p>\n<p>Para Fernando Ribeiro, 2015 ser\u00e1 um ano de retra\u00e7\u00e3o da atividade econ\u00f4mica. \u201cAinda que se tenha alguma recupera\u00e7\u00e3o no segundo semestre, dada a queda que [a economia] sofreu at\u00e9 agora, \u00e9 prov\u00e1vel que o ano termine com retra\u00e7\u00e3o\u201d. As proje\u00e7\u00f5es do boletim Focus do Banco Central indicam queda entre 1% e 2% do Produto Interno Bruto (PIB, soma das riquezas produzidas pelo pa\u00eds) neste ano.<\/p>\n<p>\u201cVai ser um ano de retra\u00e7\u00e3o da atividade e um ano de mais infla\u00e7\u00e3o e aumento do desemprego\u201d, disse Ribeiro. O quadro desenhado \u00e9 basicamente esse, ainda que ocorra alguma melhora mais para o final do ano, salientou o coordenador do grupo de estudos do Ipea. Queda da atividade significa redu\u00e7\u00e3o no investimento e consumo em queda, com alguma retra\u00e7\u00e3o dos gastos do governo, devido ao ajuste fiscal.<\/p>\n<p>As exce\u00e7\u00f5es no processo de retra\u00e7\u00e3o econ\u00f4mica ser\u00e3o os setores agropecu\u00e1rio e extrativo mineral, este relacionado ao petr\u00f3leo, que estar\u00e3o em trajet\u00f3ria de crescimento ao longo do ano, avalia o Ipea. Segundo Fernando Ribeiro, os resultados do ajuste da infla\u00e7\u00e3o, por exemplo, s\u00f3 v\u00e3o come\u00e7ar a aparecer em 2016.<\/p>\n<p>Ele explicou que, por causa do impacto dos pre\u00e7os administrados, a infla\u00e7\u00e3o deste ano ser\u00e1 maior do que a de 2014. \u201cNo ano que vem, a expectativa \u00e9 que a infla\u00e7\u00e3o caia. O Banco Central est\u00e1 trabalhando para que ela caia o mais pr\u00f3ximo poss\u00edvel da meta de 4,5%. Mas este ano, n\u00e3o tem muito jeito.\u201d<\/p>\n<p>Alana Gandra &#8211; Rep\u00f3rter da Ag\u00eancia Brasil<br \/>\nEdi\u00e7\u00e3o: Marcos Chagas<\/p>\n","protected":false},"excerpt":{"rendered":"<p>A queda da atividade econ\u00f4mica, piora do desemprego e press\u00e3o inflacion\u00e1ria em raz\u00e3o do reajuste de pre\u00e7os administrados \u2013 tarifas de servi\u00e7os p\u00fablicos \u2013 s\u00e3o custos do ajuste fiscal promovido pelo governo federal, cujos benef\u00edcios s\u00f3 dever\u00e3o ser sentidos no m\u00e9dio e longo prazos. A avalia\u00e7\u00e3o \u00e9 do Instituto de Pesquisa Econ\u00f4mica Aplicada (Ipea) na [&hellip;]<\/p>\n","protected":false},"author":2,"featured_media":40517,"comment_status":"open","ping_status":"closed","sticky":false,"template":"","format":"standard","meta":{"_genesis_hide_title":false,"_genesis_hide_breadcrumbs":false,"_genesis_hide_singular_image":false,"_genesis_hide_footer_widgets":false,"_genesis_custom_body_class":"","_genesis_custom_post_class":"","_genesis_layout":"","_jetpack_memberships_contains_paid_content":false,"footnotes":""},"categories":[22,7],"tags":[],"class_list":{"0":"post-71735","1":"post","2":"type-post","3":"status-publish","4":"format-standard","5":"has-post-thumbnail","7":"category-brasil","8":"category-economia","9":"entry","10":"gs-1","11":"gs-odd","12":"gs-even","13":"gs-featured-content-entry"},"jetpack_featured_media_url":"https:\/\/www.redenoticia.com.br\/noticia\/imagens\/economia-previsao.jpg","jetpack_sharing_enabled":true,"jetpack_likes_enabled":true,"_links":{"self":[{"href":"https:\/\/www.redenoticia.com.br\/noticia\/wp-json\/wp\/v2\/posts\/71735","targetHints":{"allow":["GET"]}}],"collection":[{"href":"https:\/\/www.redenoticia.com.br\/noticia\/wp-json\/wp\/v2\/posts"}],"about":[{"href":"https:\/\/www.redenoticia.com.br\/noticia\/wp-json\/wp\/v2\/types\/post"}],"author":[{"embeddable":true,"href":"https:\/\/www.redenoticia.com.br\/noticia\/wp-json\/wp\/v2\/users\/2"}],"replies":[{"embeddable":true,"href":"https:\/\/www.redenoticia.com.br\/noticia\/wp-json\/wp\/v2\/comments?post=71735"}],"version-history":[{"count":0,"href":"https:\/\/www.redenoticia.com.br\/noticia\/wp-json\/wp\/v2\/posts\/71735\/revisions"}],"wp:featuredmedia":[{"embeddable":true,"href":"https:\/\/www.redenoticia.com.br\/noticia\/wp-json\/wp\/v2\/media\/40517"}],"wp:attachment":[{"href":"https:\/\/www.redenoticia.com.br\/noticia\/wp-json\/wp\/v2\/media?parent=71735"}],"wp:term":[{"taxonomy":"category","embeddable":true,"href":"https:\/\/www.redenoticia.com.br\/noticia\/wp-json\/wp\/v2\/categories?post=71735"},{"taxonomy":"post_tag","embeddable":true,"href":"https:\/\/www.redenoticia.com.br\/noticia\/wp-json\/wp\/v2\/tags?post=71735"}],"curies":[{"name":"wp","href":"https:\/\/api.w.org\/{rel}","templated":true}]}}