{"id":71733,"date":"2015-06-24T17:08:23","date_gmt":"2015-06-24T20:08:23","guid":{"rendered":"http:\/\/www.redenoticia.com.br\/noticia\/?p=71733"},"modified":"2015-06-24T17:08:23","modified_gmt":"2015-06-24T20:08:23","slug":"cresce-numero-de-brasileiros-que-querem-ter-o-proprio-negocio-revela-pesquisa","status":"publish","type":"post","link":"https:\/\/www.redenoticia.com.br\/noticia\/2015\/cresce-numero-de-brasileiros-que-querem-ter-o-proprio-negocio-revela-pesquisa\/71733","title":{"rendered":"Cresce n\u00famero de brasileiros que querem ter o pr\u00f3prio neg\u00f3cio, revela pesquisa"},"content":{"rendered":"<p> Pesquisa divulgada pelo Instituto Data Popular revela que 38,5 milh\u00f5es de brasileiros t\u00eam inten\u00e7\u00e3o de abrir o <strong><em>pr\u00f3prio neg\u00f3cio<\/em><\/strong>. Segundo a pesquisa, 28% dos brasileiros querem empreender atualmente \u2013 em 2013, o percentual era de 23%.<\/p>\n<p>De acordo com o levantamento, 78% das pessoas que querem empreender j\u00e1 se preparam para abrir o pr\u00f3prio neg\u00f3cio: 38% pesquisam a \u00e1rea em que desejam atuar, 28%  guardam dinheiro para investir e 12% se aperfei\u00e7oam em cursos e estudos.<\/p>\n<p>O presidente do Data Popular, Renato Meirelles, disse que o achatamento do sal\u00e1rio impulsiona na pessoa a vontade de ser dona do pr\u00f3prio neg\u00f3cio. \u201cOs brasileiros enxergam no empreendedorismo uma iniciativa para garantir mais renda e um bom futuro para a fam\u00edlia.\u201d<\/p>\n<p>A pesquisa mostra que a possibilidade de ganhar mais, crescer profissionalmente e n\u00e3o ter chefe s\u00e3o os principais motivos que incentivam a abertura do pr\u00f3prio neg\u00f3cio. \u201c\u00c9 muito comum as pessoas empregarem parentes, amigos ou vizinhos e abrirem o neg\u00f3cio no bairro onde moram, o que contribui para fortalecer a economia local\u201d, acrescentou Meirelles.<\/p>\n<p>Conforme a pesquisa, a Regi\u00e3o Norte \u00e9 a que concentra o maior percentual de pessoas com vontade de empreender (55%), seguida do Nordeste (33%), Sul (26%), Centro-Oeste (24%) e Sudeste (24%). Entre os interessados em empreender, 53% s\u00e3o homens e 47% mulheres; 50% s\u00e3o da classe m\u00e9dia, 28%, da alta e 22%, da baixa; 54% t\u00eam entre 18 e 35 anos, 19% entre 36 e 45 anos e 27% t\u00eam mais de 46 anos; 50% t\u00eam ensino fundamental, 37% t\u00eam ensino m\u00e9dio e 13% t\u00eam curso superior.<\/p>\n<p>Fl\u00e1via Albuquerque &#8211; Rep\u00f3rter da Ag\u00eancia Brasil<br \/>\nEdi\u00e7\u00e3o: St\u00eanio Ribeiro<\/p>\n","protected":false},"excerpt":{"rendered":"<p>Pesquisa divulgada pelo Instituto Data Popular revela que 38,5 milh\u00f5es de brasileiros t\u00eam inten\u00e7\u00e3o de abrir o pr\u00f3prio neg\u00f3cio. Segundo a pesquisa, 28% dos brasileiros querem empreender atualmente \u2013 em 2013, o percentual era de 23%. De acordo com o levantamento, 78% das pessoas que querem empreender j\u00e1 se preparam para abrir o pr\u00f3prio neg\u00f3cio: [&hellip;]<\/p>\n","protected":false},"author":2,"featured_media":38938,"comment_status":"open","ping_status":"closed","sticky":false,"template":"","format":"standard","meta":{"_genesis_hide_title":false,"_genesis_hide_breadcrumbs":false,"_genesis_hide_singular_image":false,"_genesis_hide_footer_widgets":false,"_genesis_custom_body_class":"","_genesis_custom_post_class":"","_genesis_layout":"","_jetpack_memberships_contains_paid_content":false,"footnotes":""},"categories":[22],"tags":[],"class_list":{"0":"post-71733","1":"post","2":"type-post","3":"status-publish","4":"format-standard","5":"has-post-thumbnail","7":"category-brasil","8":"entry","9":"gs-1","10":"gs-odd","11":"gs-even","12":"gs-featured-content-entry"},"jetpack_featured_media_url":"https:\/\/www.redenoticia.com.br\/noticia\/imagens\/economia1.jpg","jetpack_sharing_enabled":true,"jetpack_likes_enabled":true,"_links":{"self":[{"href":"https:\/\/www.redenoticia.com.br\/noticia\/wp-json\/wp\/v2\/posts\/71733","targetHints":{"allow":["GET"]}}],"collection":[{"href":"https:\/\/www.redenoticia.com.br\/noticia\/wp-json\/wp\/v2\/posts"}],"about":[{"href":"https:\/\/www.redenoticia.com.br\/noticia\/wp-json\/wp\/v2\/types\/post"}],"author":[{"embeddable":true,"href":"https:\/\/www.redenoticia.com.br\/noticia\/wp-json\/wp\/v2\/users\/2"}],"replies":[{"embeddable":true,"href":"https:\/\/www.redenoticia.com.br\/noticia\/wp-json\/wp\/v2\/comments?post=71733"}],"version-history":[{"count":0,"href":"https:\/\/www.redenoticia.com.br\/noticia\/wp-json\/wp\/v2\/posts\/71733\/revisions"}],"wp:featuredmedia":[{"embeddable":true,"href":"https:\/\/www.redenoticia.com.br\/noticia\/wp-json\/wp\/v2\/media\/38938"}],"wp:attachment":[{"href":"https:\/\/www.redenoticia.com.br\/noticia\/wp-json\/wp\/v2\/media?parent=71733"}],"wp:term":[{"taxonomy":"category","embeddable":true,"href":"https:\/\/www.redenoticia.com.br\/noticia\/wp-json\/wp\/v2\/categories?post=71733"},{"taxonomy":"post_tag","embeddable":true,"href":"https:\/\/www.redenoticia.com.br\/noticia\/wp-json\/wp\/v2\/tags?post=71733"}],"curies":[{"name":"wp","href":"https:\/\/api.w.org\/{rel}","templated":true}]}}