{"id":71729,"date":"2015-06-24T17:06:18","date_gmt":"2015-06-24T20:06:18","guid":{"rendered":"http:\/\/www.redenoticia.com.br\/noticia\/?p=71729"},"modified":"2015-06-24T17:06:53","modified_gmt":"2015-06-24T20:06:53","slug":"sp-lidera-ranking-de-competitividade-no-pais","status":"publish","type":"post","link":"https:\/\/www.redenoticia.com.br\/noticia\/2015\/sp-lidera-ranking-de-competitividade-no-pais\/71729","title":{"rendered":"SP lidera ranking de competitividade no pa\u00eds"},"content":{"rendered":"<p> O Estado de <strong><em>S\u00e3o Paulo \u00e9 o mais competitivo do Brasil<\/em><\/strong>. \u00c9 o que concluiu o estudo &#8220;Brazil Competitiveness Profile&#8221;, realizado pela FGV Projetos em parceria com o Financial Times. A pesquisa analisa 558 grupos de munic\u00edpios considerados microrregi\u00f5es dentro de 14 dimens\u00f5es e seis vetores relacionados \u00e0 competitividade.<\/p>\n<p>Das 20 microrregi\u00f5es consideradas mais competitivas no conjunto de todos os indicadores, 12, ou seja, 60% delas, est\u00e3o no Estado de S\u00e3o Paulo. A lista \u00e9 liderada pelas regi\u00f5es de S\u00e3o Paulo e Campinas.<\/p>\n<p>O estudo destaca os munic\u00edpios paulistas, principalmente em assuntos relacionados ao capital humano, como educa\u00e7\u00e3o e qualidade da m\u00e3o-de-obra. O Estado tem 15 microrregi\u00f5es que ocupam a lista das 20 mais bem colocadas nas dimens\u00f5es educa\u00e7\u00e3o b\u00e1sica e ensino superior. Quando analisado capital humano como vetor, ou seja, de forma mais geral, 18 entre as 20 regi\u00f5es mais competitivas s\u00e3o paulistas.<\/p>\n<p>Crit\u00e9rios<br \/>\nAs microrregi\u00f5es de S\u00e3o Paulo tamb\u00e9m se destacam no crit\u00e9rio inova\u00e7\u00e3o: 75% dos 20 grupos de munic\u00edpios mais inovadores est\u00e3o no Estado. Segundo o estudo, s\u00e3o neles que se concentram, al\u00e9m dos investimentos em pesquisa e desenvolvimento, a maior quantidade de acad\u00eamicos PHD do Pa\u00eds.<\/p>\n<p>S\u00e3o Paulo tamb\u00e9m se destaca nos crit\u00e9rios em qualidade de vida e ambiente de neg\u00f3cios. No primeiro, o ranking considera estrutura social como transporte p\u00fablico, acesso a tecnologia, eletricidade e saneamento, sustentabilidade e sa\u00fade. J\u00e1 em ambiente de neg\u00f3cios, s\u00e3o considerados os aspectos log\u00edsticos, de sofistica\u00e7\u00e3o no mercado e inova\u00e7\u00e3o. O estudo completo pode ser obtido neste .<\/p>\n<p>Do Portal do Governo do Estado SP<\/p>\n","protected":false},"excerpt":{"rendered":"<p>O Estado de S\u00e3o Paulo \u00e9 o mais competitivo do Brasil. \u00c9 o que concluiu o estudo &#8220;Brazil Competitiveness Profile&#8221;, realizado pela FGV Projetos em parceria com o Financial Times. A pesquisa analisa 558 grupos de munic\u00edpios considerados microrregi\u00f5es dentro de 14 dimens\u00f5es e seis vetores relacionados \u00e0 competitividade. Das 20 microrregi\u00f5es consideradas mais competitivas [&hellip;]<\/p>\n","protected":false},"author":2,"featured_media":57582,"comment_status":"open","ping_status":"closed","sticky":false,"template":"","format":"standard","meta":{"_genesis_hide_title":false,"_genesis_hide_breadcrumbs":false,"_genesis_hide_singular_image":false,"_genesis_hide_footer_widgets":false,"_genesis_custom_body_class":"","_genesis_custom_post_class":"","_genesis_layout":"","_jetpack_memberships_contains_paid_content":false,"footnotes":""},"categories":[22,7],"tags":[],"class_list":{"0":"post-71729","1":"post","2":"type-post","3":"status-publish","4":"format-standard","5":"has-post-thumbnail","7":"category-brasil","8":"category-economia","9":"entry","10":"gs-1","11":"gs-odd","12":"gs-even","13":"gs-featured-content-entry"},"jetpack_featured_media_url":"https:\/\/www.redenoticia.com.br\/noticia\/imagens\/grafico1.jpg","jetpack_sharing_enabled":true,"jetpack_likes_enabled":true,"_links":{"self":[{"href":"https:\/\/www.redenoticia.com.br\/noticia\/wp-json\/wp\/v2\/posts\/71729","targetHints":{"allow":["GET"]}}],"collection":[{"href":"https:\/\/www.redenoticia.com.br\/noticia\/wp-json\/wp\/v2\/posts"}],"about":[{"href":"https:\/\/www.redenoticia.com.br\/noticia\/wp-json\/wp\/v2\/types\/post"}],"author":[{"embeddable":true,"href":"https:\/\/www.redenoticia.com.br\/noticia\/wp-json\/wp\/v2\/users\/2"}],"replies":[{"embeddable":true,"href":"https:\/\/www.redenoticia.com.br\/noticia\/wp-json\/wp\/v2\/comments?post=71729"}],"version-history":[{"count":0,"href":"https:\/\/www.redenoticia.com.br\/noticia\/wp-json\/wp\/v2\/posts\/71729\/revisions"}],"wp:featuredmedia":[{"embeddable":true,"href":"https:\/\/www.redenoticia.com.br\/noticia\/wp-json\/wp\/v2\/media\/57582"}],"wp:attachment":[{"href":"https:\/\/www.redenoticia.com.br\/noticia\/wp-json\/wp\/v2\/media?parent=71729"}],"wp:term":[{"taxonomy":"category","embeddable":true,"href":"https:\/\/www.redenoticia.com.br\/noticia\/wp-json\/wp\/v2\/categories?post=71729"},{"taxonomy":"post_tag","embeddable":true,"href":"https:\/\/www.redenoticia.com.br\/noticia\/wp-json\/wp\/v2\/tags?post=71729"}],"curies":[{"name":"wp","href":"https:\/\/api.w.org\/{rel}","templated":true}]}}