{"id":71727,"date":"2015-06-24T17:04:44","date_gmt":"2015-06-24T20:04:44","guid":{"rendered":"http:\/\/www.redenoticia.com.br\/noticia\/?p=71727"},"modified":"2015-06-24T17:04:44","modified_gmt":"2015-06-24T20:04:44","slug":"professores-universitarios-mantem-greve","status":"publish","type":"post","link":"https:\/\/www.redenoticia.com.br\/noticia\/2015\/professores-universitarios-mantem-greve\/71727","title":{"rendered":"Professores universit\u00e1rios mant\u00e9m greve"},"content":{"rendered":"<p> Terminou sem acordo a reuni\u00e3o entre representantes dos professores de <strong><em>universidades p\u00fablicas em greve<\/em><\/strong> e a Secretaria de Educa\u00e7\u00e3o Superior, do Minist\u00e9rio da Educa\u00e7\u00e3o. Ap\u00f3s cerca de duas horas de reuni\u00e3o, o presidente do Sindicato Nacional dos Docentes de Institui\u00e7\u00f5es de Ensino Superior (Andes-SN), Paulo Rizzo, disse que n\u00e3o houve avan\u00e7os nas negocia\u00e7\u00f5es e os docentes v\u00e3o permanecer em greve.<\/p>\n<p>\u201cN\u00e3o houve avan\u00e7os, a greve continua, e somos da opini\u00e3o que temos que refor\u00e7ar a mobiliza\u00e7\u00e3o para que haja negocia\u00e7\u00f5es efetivas. Sob o ponto de vista financeiro, n\u00e3o h\u00e1 nenhum avan\u00e7o\u201d, disse Rizzo. A paralisa\u00e7\u00e3o come\u00e7ou no dia 28 de maio e tem a ades\u00e3o de 31 universidades federais e um instituto federal, no balan\u00e7o da Andes-SN.<\/p>\n<p> Segundo o presidente da Andes-SN, a proposta apresentada aos grevistas pelo secret\u00e1rio de educa\u00e7\u00e3o superior, Jesualdo Pereira, foi a de formar um grupo de trabalho, ap\u00f3s o dia 15 de julho, para discutir a carreira dos docentes. Quest\u00f5es financeiras ficariam a cargo do Minist\u00e9rio do Planejamento, segundo o presidente da Andes-SN. \u201cInsistimos para que o MEC acompanhe as negocia\u00e7\u00f5es no minist\u00e9rio do Planejamento sobre a carreira e eles se dispuseram a participar\u201d, disse.<\/p>\n<p>O Minist\u00e9rio da Educa\u00e7\u00e3o informou que, na audi\u00eancia com o Andes-SN, se comprometeu a acompanhar as negocia\u00e7\u00f5es junto ao Minist\u00e9rio do Planejamento, que \u00e9 o respons\u00e1vel pela negocia\u00e7\u00e3o salarial, e a criar um grupo de trabalho para debater quest\u00f5es conceituais da carreira. O MEC registrou ainda que em 2015 os docentes tiveram reajuste salarial por conta do acordo firmado com a categoria em 2012.<\/p>\n<p>Na pauta que os docentes entregaram anteriormente ao minist\u00e9rio est\u00e3o itens como a garantia de piso remunerat\u00f3rio de R$ 2.784 para docente graduado em regime de trabalho de 20 horas e a amplia\u00e7\u00e3o da infraestrutura das institui\u00e7\u00f5es, incluindo laborat\u00f3rios e equipamentos. Eles tamb\u00e9m querem a aplica\u00e7\u00e3o de 1,5% do Produto Interno Bruto (PIB) em ci\u00eancia e tecnologia.<\/p>\n<p>No in\u00edcio do m\u00eas, o Minist\u00e9rio do Planejamento, Or\u00e7amento e Gest\u00e3o informou, por nota, que uma contraproposta para as institui\u00e7\u00f5es federais de ensino ser\u00e1 apresentada at\u00e9 o fim deste m\u00eas. Essa contraproposta faz parte do contexto das negocia\u00e7\u00f5es feitas com o conjunto do funcionalismo p\u00fablico, de acordo com o minist\u00e9rio.<\/p>\n<p>Entre os participantes da reuni\u00e3o estavam o secret\u00e1rio da Secretaria de Educa\u00e7\u00e3o Superior, Jesualdo Pereira, a dire\u00e7\u00e3o do Andes-SN e representantes do comando de greve dos professores.<\/p>\n<p>Yara Aquino \u2013 Rep\u00f3rter da Ag\u00eancia Brasil<br \/>\nEdi\u00e7\u00e3o: Maria Claudia<\/p>\n","protected":false},"excerpt":{"rendered":"<p>Terminou sem acordo a reuni\u00e3o entre representantes dos professores de universidades p\u00fablicas em greve e a Secretaria de Educa\u00e7\u00e3o Superior, do Minist\u00e9rio da Educa\u00e7\u00e3o. Ap\u00f3s cerca de duas horas de reuni\u00e3o, o presidente do Sindicato Nacional dos Docentes de Institui\u00e7\u00f5es de Ensino Superior (Andes-SN), Paulo Rizzo, disse que n\u00e3o houve avan\u00e7os nas negocia\u00e7\u00f5es e os [&hellip;]<\/p>\n","protected":false},"author":2,"featured_media":36241,"comment_status":"open","ping_status":"closed","sticky":false,"template":"","format":"standard","meta":{"_genesis_hide_title":false,"_genesis_hide_breadcrumbs":false,"_genesis_hide_singular_image":false,"_genesis_hide_footer_widgets":false,"_genesis_custom_body_class":"","_genesis_custom_post_class":"","_genesis_layout":"","_jetpack_memberships_contains_paid_content":false,"footnotes":""},"categories":[22],"tags":[],"class_list":{"0":"post-71727","1":"post","2":"type-post","3":"status-publish","4":"format-standard","5":"has-post-thumbnail","7":"category-brasil","8":"entry","9":"gs-1","10":"gs-odd","11":"gs-even","12":"gs-featured-content-entry"},"jetpack_featured_media_url":"https:\/\/www.redenoticia.com.br\/noticia\/imagens\/professor-b.jpg","jetpack_sharing_enabled":true,"jetpack_likes_enabled":true,"_links":{"self":[{"href":"https:\/\/www.redenoticia.com.br\/noticia\/wp-json\/wp\/v2\/posts\/71727","targetHints":{"allow":["GET"]}}],"collection":[{"href":"https:\/\/www.redenoticia.com.br\/noticia\/wp-json\/wp\/v2\/posts"}],"about":[{"href":"https:\/\/www.redenoticia.com.br\/noticia\/wp-json\/wp\/v2\/types\/post"}],"author":[{"embeddable":true,"href":"https:\/\/www.redenoticia.com.br\/noticia\/wp-json\/wp\/v2\/users\/2"}],"replies":[{"embeddable":true,"href":"https:\/\/www.redenoticia.com.br\/noticia\/wp-json\/wp\/v2\/comments?post=71727"}],"version-history":[{"count":0,"href":"https:\/\/www.redenoticia.com.br\/noticia\/wp-json\/wp\/v2\/posts\/71727\/revisions"}],"wp:featuredmedia":[{"embeddable":true,"href":"https:\/\/www.redenoticia.com.br\/noticia\/wp-json\/wp\/v2\/media\/36241"}],"wp:attachment":[{"href":"https:\/\/www.redenoticia.com.br\/noticia\/wp-json\/wp\/v2\/media?parent=71727"}],"wp:term":[{"taxonomy":"category","embeddable":true,"href":"https:\/\/www.redenoticia.com.br\/noticia\/wp-json\/wp\/v2\/categories?post=71727"},{"taxonomy":"post_tag","embeddable":true,"href":"https:\/\/www.redenoticia.com.br\/noticia\/wp-json\/wp\/v2\/tags?post=71727"}],"curies":[{"name":"wp","href":"https:\/\/api.w.org\/{rel}","templated":true}]}}