{"id":71681,"date":"2015-06-23T13:59:38","date_gmt":"2015-06-23T16:59:38","guid":{"rendered":"http:\/\/www.redenoticia.com.br\/noticia\/?p=71681"},"modified":"2015-06-23T13:59:38","modified_gmt":"2015-06-23T16:59:38","slug":"taxa-de-juros-para-pessoa-fisica-bate-recorde-e-chega-a-573","status":"publish","type":"post","link":"https:\/\/www.redenoticia.com.br\/noticia\/2015\/taxa-de-juros-para-pessoa-fisica-bate-recorde-e-chega-a-573\/71681","title":{"rendered":"Taxa de juros para pessoa f\u00edsica bate recorde e chega a 57,3%"},"content":{"rendered":"<p> A <strong><em>taxa m\u00e9dia de juros do cr\u00e9dito<\/em><\/strong> para as fam\u00edlias continuou a subir em maio e chegou ao recorde de 57,3% ao ano, a mais alta da s\u00e9rie hist\u00f3rica do Banco Central (BC), iniciada em mar\u00e7o de 2011. De abril para maio, a alta foi 1,2 ponto percentual. Os dados constam de relat\u00f3rio mensal sobre cr\u00e9dito divulgado pelo BC.<\/p>\n<p>A inadimpl\u00eancia, considerados atrasos superiores a 90 dias, teve alta de 0,1 ponto percentual e ficou em 5,4% para a pessoa f\u00edsica.<\/p>\n<p>A taxa de juros mais alta na pesquisa do BC \u00e9 a do rotativo do cart\u00e3o de cr\u00e9dito, que subiu 13,1 pontos percentuais, alcan\u00e7ando 360,6% ao ano. A taxa m\u00e9dia das compras parceladas com juros, do parcelamento da fatura do cart\u00e3o de cr\u00e9dito e dos saques parcelados, subiu 1,3 ponto percentual para 115,9% ao ano.<\/p>\n<p>A taxa do cheque especial chegou a 232% ao ano, em maio, com alta de 6 pontos percentuais. J\u00e1 a taxa do cr\u00e9dito consignado (com desconto em folha de pagamento) subiu 0,3 ponto percentual para 27,2% ao ano.<\/p>\n<p>A taxa m\u00e9dia do cr\u00e9dito para as empresas subiu 0,3 ponto percentual para 26,9% ao ano. A inadimpl\u00eancia das empresas subiu 0,1 ponto percentual para 4%.<\/p>\n<p>Esses dados s\u00e3o do cr\u00e9dito livre, em que os bancos t\u00eam autonomia para aplicar o dinheiro captado no mercado e definir as taxas de juros.<\/p>\n<p>No caso do direcionado (empr\u00e9stimos com regras definidas pelo governo, destinados, basicamente, aos setores habitacional, rural e de infraestrutura), a taxa de juros para as empresas subiu 0,6 ponto percentual para 9,6% ao ano. No caso das fam\u00edlias, houve alta de 0,3 ponto percentual, com taxa em 9% ao ano.<\/p>\n<p>A inadimpl\u00eancia do cr\u00e9dito direcionado ficou est\u00e1vel em 0,7% para empresas e subiu 0,1 ponto percentual para 2%, no caso das pessoas f\u00edsicas.<\/p>\n<p>O saldo das opera\u00e7\u00f5es de cr\u00e9dito no pa\u00eds chegou a R$ 3,081 trilh\u00f5es, em maio, com crescimento de 0,7% no m\u00eas e 10,1% em 12 meses. No ano, a expans\u00e3o ficou em 2,1%.<\/p>\n<p>Kelly Oliveira \u2013 Rep\u00f3rter da Ag\u00eancia Brasil<br \/>\nEdi\u00e7\u00e3o: Jos\u00e9 Romildo<\/p>\n","protected":false},"excerpt":{"rendered":"<p>A taxa m\u00e9dia de juros do cr\u00e9dito para as fam\u00edlias continuou a subir em maio e chegou ao recorde de 57,3% ao ano, a mais alta da s\u00e9rie hist\u00f3rica do Banco Central (BC), iniciada em mar\u00e7o de 2011. De abril para maio, a alta foi 1,2 ponto percentual. Os dados constam de relat\u00f3rio mensal sobre [&hellip;]<\/p>\n","protected":false},"author":2,"featured_media":57582,"comment_status":"open","ping_status":"closed","sticky":false,"template":"","format":"standard","meta":{"_genesis_hide_title":false,"_genesis_hide_breadcrumbs":false,"_genesis_hide_singular_image":false,"_genesis_hide_footer_widgets":false,"_genesis_custom_body_class":"","_genesis_custom_post_class":"","_genesis_layout":"","_jetpack_memberships_contains_paid_content":false,"footnotes":""},"categories":[22,7],"tags":[],"class_list":{"0":"post-71681","1":"post","2":"type-post","3":"status-publish","4":"format-standard","5":"has-post-thumbnail","7":"category-brasil","8":"category-economia","9":"entry","10":"gs-1","11":"gs-odd","12":"gs-even","13":"gs-featured-content-entry"},"jetpack_featured_media_url":"https:\/\/www.redenoticia.com.br\/noticia\/imagens\/grafico1.jpg","jetpack_sharing_enabled":true,"jetpack_likes_enabled":true,"_links":{"self":[{"href":"https:\/\/www.redenoticia.com.br\/noticia\/wp-json\/wp\/v2\/posts\/71681","targetHints":{"allow":["GET"]}}],"collection":[{"href":"https:\/\/www.redenoticia.com.br\/noticia\/wp-json\/wp\/v2\/posts"}],"about":[{"href":"https:\/\/www.redenoticia.com.br\/noticia\/wp-json\/wp\/v2\/types\/post"}],"author":[{"embeddable":true,"href":"https:\/\/www.redenoticia.com.br\/noticia\/wp-json\/wp\/v2\/users\/2"}],"replies":[{"embeddable":true,"href":"https:\/\/www.redenoticia.com.br\/noticia\/wp-json\/wp\/v2\/comments?post=71681"}],"version-history":[{"count":0,"href":"https:\/\/www.redenoticia.com.br\/noticia\/wp-json\/wp\/v2\/posts\/71681\/revisions"}],"wp:featuredmedia":[{"embeddable":true,"href":"https:\/\/www.redenoticia.com.br\/noticia\/wp-json\/wp\/v2\/media\/57582"}],"wp:attachment":[{"href":"https:\/\/www.redenoticia.com.br\/noticia\/wp-json\/wp\/v2\/media?parent=71681"}],"wp:term":[{"taxonomy":"category","embeddable":true,"href":"https:\/\/www.redenoticia.com.br\/noticia\/wp-json\/wp\/v2\/categories?post=71681"},{"taxonomy":"post_tag","embeddable":true,"href":"https:\/\/www.redenoticia.com.br\/noticia\/wp-json\/wp\/v2\/tags?post=71681"}],"curies":[{"name":"wp","href":"https:\/\/api.w.org\/{rel}","templated":true}]}}