{"id":71679,"date":"2015-06-23T13:57:56","date_gmt":"2015-06-23T16:57:56","guid":{"rendered":"http:\/\/www.redenoticia.com.br\/noticia\/?p=71679"},"modified":"2015-06-23T13:57:56","modified_gmt":"2015-06-23T16:57:56","slug":"pesquisa-da-cni-mostra-queda-da-producao-industrial-em-maio","status":"publish","type":"post","link":"https:\/\/www.redenoticia.com.br\/noticia\/2015\/pesquisa-da-cni-mostra-queda-da-producao-industrial-em-maio\/71679","title":{"rendered":"Pesquisa da CNI mostra queda da produ\u00e7\u00e3o industrial em maio"},"content":{"rendered":"<p> A Confedera\u00e7\u00e3o Nacional da Ind\u00fastria (CNI) informou que <strong><em>desempenho do setor industrial<\/em><\/strong> em maio foi marcado por queda na produ\u00e7\u00e3o, excesso de estoques, demiss\u00f5es e ociosidade nas f\u00e1bricas. Os n\u00fameros fazem parte da pesquisa Sondagem Industrial.<\/p>\n<p>Segundo a pesquisa, o resultado \u201cexp\u00f5e a persist\u00eancia da baixa atividade industrial e o pessimismo sobre a melhora da situa\u00e7\u00e3o da ind\u00fastria brasileira no curto prazo\u201d.<\/p>\n<p>De acordo com a confedera\u00e7\u00e3o, o \u00edndice de evolu\u00e7\u00e3o da produ\u00e7\u00e3o ficou em 41,7 pontos e o de emprego baixou para 41,4 pontos no m\u00eas passado. A CNI utiliza uma escala que varia de zero a cem: quanto mais abaixo da linha divis\u00f3ria de 50 pontos, o indicador representa maior queda da produ\u00e7\u00e3o e do emprego.<\/p>\n<p>Sobre a evolu\u00e7\u00e3o dos estoques em rela\u00e7\u00e3o ao usual, o \u00edndice que representa esse item subiu para 52,4 pontos. Ou seja, como est\u00e1 acima da linha divis\u00f3ria dos 50 pontos, o \u00edndice  indica que as empresas est\u00e3o acumulando estoques indesejados. Em consequ\u00eancia, a utiliza\u00e7\u00e3o m\u00e9dia da capacidade instalada caiu um ponto percentual em rela\u00e7\u00e3o a abril.<\/p>\n<p>O \u00cdndice de Inten\u00e7\u00e3o de Investimento caiu para 43 pontos, em maio, o menor da s\u00e9rie hist\u00f3rica, que come\u00e7ou em 2013, quando o \u00edndice atingiu 60,8 pontos. A inten\u00e7\u00e3o de investimento \u00e9 menor nas pequenas empresas (32,9 pontos) e maior nas grandes ind\u00fastrias (51 pontos).<\/p>\n<p>A Sondagem Industrial foi feita com 2.389 empresas entre 1\u00ba e 12 de junho. Do total, 981 s\u00e3o pequenas, 853 s\u00e3o m\u00e9dias e 555 s\u00e3o de grande porte.<\/p>\n<p>Da Ag\u00eancia Brasil<br \/>\nEdi\u00e7\u00e3o: Jos\u00e9 Romildo<\/p>\n","protected":false},"excerpt":{"rendered":"<p>A Confedera\u00e7\u00e3o Nacional da Ind\u00fastria (CNI) informou que desempenho do setor industrial em maio foi marcado por queda na produ\u00e7\u00e3o, excesso de estoques, demiss\u00f5es e ociosidade nas f\u00e1bricas. Os n\u00fameros fazem parte da pesquisa Sondagem Industrial. Segundo a pesquisa, o resultado \u201cexp\u00f5e a persist\u00eancia da baixa atividade industrial e o pessimismo sobre a melhora da [&hellip;]<\/p>\n","protected":false},"author":2,"featured_media":38938,"comment_status":"open","ping_status":"closed","sticky":false,"template":"","format":"standard","meta":{"_genesis_hide_title":false,"_genesis_hide_breadcrumbs":false,"_genesis_hide_singular_image":false,"_genesis_hide_footer_widgets":false,"_genesis_custom_body_class":"","_genesis_custom_post_class":"","_genesis_layout":"","_jetpack_memberships_contains_paid_content":false,"footnotes":""},"categories":[22,7],"tags":[],"class_list":{"0":"post-71679","1":"post","2":"type-post","3":"status-publish","4":"format-standard","5":"has-post-thumbnail","7":"category-brasil","8":"category-economia","9":"entry","10":"gs-1","11":"gs-odd","12":"gs-even","13":"gs-featured-content-entry"},"jetpack_featured_media_url":"https:\/\/www.redenoticia.com.br\/noticia\/imagens\/economia1.jpg","jetpack_sharing_enabled":true,"jetpack_likes_enabled":true,"_links":{"self":[{"href":"https:\/\/www.redenoticia.com.br\/noticia\/wp-json\/wp\/v2\/posts\/71679","targetHints":{"allow":["GET"]}}],"collection":[{"href":"https:\/\/www.redenoticia.com.br\/noticia\/wp-json\/wp\/v2\/posts"}],"about":[{"href":"https:\/\/www.redenoticia.com.br\/noticia\/wp-json\/wp\/v2\/types\/post"}],"author":[{"embeddable":true,"href":"https:\/\/www.redenoticia.com.br\/noticia\/wp-json\/wp\/v2\/users\/2"}],"replies":[{"embeddable":true,"href":"https:\/\/www.redenoticia.com.br\/noticia\/wp-json\/wp\/v2\/comments?post=71679"}],"version-history":[{"count":0,"href":"https:\/\/www.redenoticia.com.br\/noticia\/wp-json\/wp\/v2\/posts\/71679\/revisions"}],"wp:featuredmedia":[{"embeddable":true,"href":"https:\/\/www.redenoticia.com.br\/noticia\/wp-json\/wp\/v2\/media\/38938"}],"wp:attachment":[{"href":"https:\/\/www.redenoticia.com.br\/noticia\/wp-json\/wp\/v2\/media?parent=71679"}],"wp:term":[{"taxonomy":"category","embeddable":true,"href":"https:\/\/www.redenoticia.com.br\/noticia\/wp-json\/wp\/v2\/categories?post=71679"},{"taxonomy":"post_tag","embeddable":true,"href":"https:\/\/www.redenoticia.com.br\/noticia\/wp-json\/wp\/v2\/tags?post=71679"}],"curies":[{"name":"wp","href":"https:\/\/api.w.org\/{rel}","templated":true}]}}