{"id":71677,"date":"2015-06-23T13:55:37","date_gmt":"2015-06-23T16:55:37","guid":{"rendered":"http:\/\/www.redenoticia.com.br\/noticia\/?p=71677"},"modified":"2015-06-23T13:55:37","modified_gmt":"2015-06-23T16:55:37","slug":"divida-publica-federal-atinge-cerca-de-r-25-trilhoes","status":"publish","type":"post","link":"https:\/\/www.redenoticia.com.br\/noticia\/2015\/divida-publica-federal-atinge-cerca-de-r-25-trilhoes\/71677","title":{"rendered":"D\u00edvida P\u00fablica Federal atinge cerca de R$ 2,5 trilh\u00f5es"},"content":{"rendered":"<p> A <strong><em>D\u00edvida P\u00fablica Federal <\/em><\/strong>teve eleva\u00e7\u00e3o de 1,83% em maio, em compara\u00e7\u00e3o a abril deste ano: passou de R$ 2,451 trilh\u00f5es para R$ 2,496 trilh\u00f5es. Os dados foram divulgados pelo Secretaria do Tesouro Nacional. O endividamento do Tesouro pode ocorrer por meio da emiss\u00e3o de t\u00edtulos p\u00fablicos ou pela assinatura de contratos.<\/p>\n<p>A D\u00edvida P\u00fablica Mobili\u00e1ria Federal interna (DPMFi) cresceu 1,64% e passou de R$ 2,333 trilh\u00f5es para R$ 2,372 trilh\u00f5es. DPMFi \u00e9 a d\u00edvida p\u00fablica federal em circula\u00e7\u00e3o no mercado nacional. Ela \u00e9 paga em reais e captada por meio da emiss\u00e3o de t\u00edtulos p\u00fablicos. O motivo da eleva\u00e7\u00e3o, informou o Tesouro, foi a emiss\u00e3o l\u00edquida, no valor de R$ 13,55 bilh\u00f5es, mais o total de juros acrescidos \u00e0 d\u00edvida no montante de R$ 24,70 bilh\u00f5es.<\/p>\n<p>A D\u00edvida P\u00fablica Federal externa (DPFe) registrou tamb\u00e9m, em maio, crescimento, de 5,53%, em compara\u00e7\u00e3o ao resultado do m\u00eas anterior: atingiu R$ 124,19 bilh\u00f5es, equivalentes a US$ 37,07 bilh\u00f5es, dos quais R$ 112,91 bilh\u00f5es (US$ 35,52 bilh\u00f5es) s\u00e3o referentes \u00e0 d\u00edvida mobili\u00e1ria (t\u00edtulos) e R$ 11,28 bilh\u00f5es (US$ 3,55 bilh\u00f5es) \u00e0 d\u00edvida contratual.<\/p>\n<p>DPFe \u00e9 a d\u00edvida p\u00fablica federal existente no mercado internacional paga em outras moedas. De acordo com o Tesouro Nacional, \u201ca varia\u00e7\u00e3o [da DPFe] deveu-se unicamente \u00e0 desvaloriza\u00e7\u00e3o do real frente \u00e0s moedas que comp\u00f5em o estoque da d\u00edvida externa\u201d.<\/p>\n<p>O total de emiss\u00f5es da D\u00edvida P\u00fablica Federal chegou a R$ 86,09 bilh\u00f5es, enquanto os resgates ficaram em R$ 72,98 bilh\u00f5es resultando em uma emiss\u00e3o l\u00edquida de R$ 13,11 bilh\u00f5es. De acordo com a programa\u00e7\u00e3o do Tesouro Nacional, a D\u00edvida P\u00fablica Federal dever\u00e1 encerrar o ano entre R$ 2,45 trilh\u00f5es e R$ 2,6 trilh\u00f5es.<\/p>\n<p>Daniel Lima &#8211; Rep\u00f3rter da Ag\u00eancia Brasil<br \/>\nEdi\u00e7\u00e3o: Jos\u00e9 Romildo<\/p>\n","protected":false},"excerpt":{"rendered":"<p>A D\u00edvida P\u00fablica Federal teve eleva\u00e7\u00e3o de 1,83% em maio, em compara\u00e7\u00e3o a abril deste ano: passou de R$ 2,451 trilh\u00f5es para R$ 2,496 trilh\u00f5es. Os dados foram divulgados pelo Secretaria do Tesouro Nacional. O endividamento do Tesouro pode ocorrer por meio da emiss\u00e3o de t\u00edtulos p\u00fablicos ou pela assinatura de contratos. A D\u00edvida P\u00fablica [&hellip;]<\/p>\n","protected":false},"author":2,"featured_media":38940,"comment_status":"open","ping_status":"closed","sticky":false,"template":"","format":"standard","meta":{"_genesis_hide_title":false,"_genesis_hide_breadcrumbs":false,"_genesis_hide_singular_image":false,"_genesis_hide_footer_widgets":false,"_genesis_custom_body_class":"","_genesis_custom_post_class":"","_genesis_layout":"","_jetpack_memberships_contains_paid_content":false,"footnotes":""},"categories":[22,7],"tags":[],"class_list":{"0":"post-71677","1":"post","2":"type-post","3":"status-publish","4":"format-standard","5":"has-post-thumbnail","7":"category-brasil","8":"category-economia","9":"entry","10":"gs-1","11":"gs-odd","12":"gs-even","13":"gs-featured-content-entry"},"jetpack_featured_media_url":"https:\/\/www.redenoticia.com.br\/noticia\/imagens\/grafico.jpg","jetpack_sharing_enabled":true,"jetpack_likes_enabled":true,"_links":{"self":[{"href":"https:\/\/www.redenoticia.com.br\/noticia\/wp-json\/wp\/v2\/posts\/71677","targetHints":{"allow":["GET"]}}],"collection":[{"href":"https:\/\/www.redenoticia.com.br\/noticia\/wp-json\/wp\/v2\/posts"}],"about":[{"href":"https:\/\/www.redenoticia.com.br\/noticia\/wp-json\/wp\/v2\/types\/post"}],"author":[{"embeddable":true,"href":"https:\/\/www.redenoticia.com.br\/noticia\/wp-json\/wp\/v2\/users\/2"}],"replies":[{"embeddable":true,"href":"https:\/\/www.redenoticia.com.br\/noticia\/wp-json\/wp\/v2\/comments?post=71677"}],"version-history":[{"count":0,"href":"https:\/\/www.redenoticia.com.br\/noticia\/wp-json\/wp\/v2\/posts\/71677\/revisions"}],"wp:featuredmedia":[{"embeddable":true,"href":"https:\/\/www.redenoticia.com.br\/noticia\/wp-json\/wp\/v2\/media\/38940"}],"wp:attachment":[{"href":"https:\/\/www.redenoticia.com.br\/noticia\/wp-json\/wp\/v2\/media?parent=71677"}],"wp:term":[{"taxonomy":"category","embeddable":true,"href":"https:\/\/www.redenoticia.com.br\/noticia\/wp-json\/wp\/v2\/categories?post=71677"},{"taxonomy":"post_tag","embeddable":true,"href":"https:\/\/www.redenoticia.com.br\/noticia\/wp-json\/wp\/v2\/tags?post=71677"}],"curies":[{"name":"wp","href":"https:\/\/api.w.org\/{rel}","templated":true}]}}