{"id":71675,"date":"2015-06-23T13:53:38","date_gmt":"2015-06-23T16:53:38","guid":{"rendered":"http:\/\/www.redenoticia.com.br\/noticia\/?p=71675"},"modified":"2015-06-23T13:53:38","modified_gmt":"2015-06-23T16:53:38","slug":"contran-adia-emissao-de-novo-modelo-de-carteira-de-motorista","status":"publish","type":"post","link":"https:\/\/www.redenoticia.com.br\/noticia\/2015\/contran-adia-emissao-de-novo-modelo-de-carteira-de-motorista\/71675","title":{"rendered":"Contran adia emiss\u00e3o de novo modelo de carteira de motorista"},"content":{"rendered":"<p>Previstas para come\u00e7ar a partir de 1\u00b0 de julho, a impress\u00e3o e emiss\u00e3o do <strong><em>novo modelo da Carteira Nacional de Habilita\u00e7\u00e3o<\/em><\/strong> foram suspensas pelo Conselho Nacional de Tr\u00e2nsito (Contran). O novo prazo para implanta\u00e7\u00e3o ser\u00e1 discutido na pr\u00f3xima reuni\u00e3o do Contran, prevista para o m\u00eas de julho. A suspens\u00e3o da vig\u00eancia da Resolu\u00e7\u00e3o 511, que determina as mudan\u00e7as no documento, est\u00e1 publicada no Di\u00e1rio Oficial da Uni\u00e3o.<\/p>\n<p>O novo modelo da carteira de habilita\u00e7\u00e3o foi anunciado no final do ano passado e previa aumento do n\u00famero de dispositivos de seguran\u00e7a para impedir falsifica\u00e7\u00e3o e adultera\u00e7\u00e3o do documento. A previs\u00e3o era aumentar dos cerca de 20 dispositivos de seguran\u00e7a atuais para 28, al\u00e9m de implantar mudan\u00e7as de seguran\u00e7a na impress\u00e3o.<\/p>\n<p>O Contran explicou que foi preciso adiar a emiss\u00e3o devido \u00e0 necessidade de dar continuidade aos estudos de aprimoramento das normas e procedimentos para a forma\u00e7\u00e3o e habilita\u00e7\u00e3o de condutores de ve\u00edculos automotores e el\u00e9tricos. Outro motivo foram as in\u00fameras propostas e sugest\u00f5es dos \u00f3rg\u00e3os integrantes do Sistema Nacional de Tr\u00e2nsito que levou \u00e0 cria\u00e7\u00e3o de um grupo de trabalho da C\u00e2mara Tem\u00e1tica de Habilita\u00e7\u00e3o, em junho, para a discuss\u00e3o do assunto.<\/p>\n<p>Ao anunciar o novo modelo, o Contran explicou que os motoristas que t\u00eam o atual n\u00e3o precisariam trocar o documento. A nova carteira seria obrigat\u00f3ria para a primeira permiss\u00e3o para dirigir emitida a partir de 1\u00b0 de julho, para renova\u00e7\u00e3o e substitui\u00e7\u00e3o do documento em casos como perda e roubo.<\/p>\n<p>Tamb\u00e9m foram suspensas hoje as mudan\u00e7as nos documentos do ve\u00edculo, que s\u00e3o os certificados de registro e de licenciamento, e teriam igualmente acr\u00e9scimo nos itens de seguran\u00e7a para evitar falsifica\u00e7\u00f5es e fraudes no pagamento de licenciamento e Imposto de Propriedade de Ve\u00edculo Automotor.<\/p>\n<p>As resolu\u00e7\u00f5es publicadas hoje pelo Contran no Di\u00e1rio Oficial da Uni\u00e3o suspendem a Resolu\u00e7\u00e3o 511, de 27 de novembro de 2014, que regulamenta a produ\u00e7\u00e3o e expedi\u00e7\u00e3o da Carteira Nacional de Habilita\u00e7\u00e3o e da Permiss\u00e3o para Dirigir, e a Resolu\u00e7\u00e3o 512, de 27 de novembro de 2014, que altera os modelos e especifica\u00e7\u00f5es do Certificado de Registro de Ve\u00edculo (CRV) e do Certificado de Registro e Licenciamento de Ve\u00edculo (CRLV).<\/p>\n<p>Yara Aquino \u2013 Rep\u00f3rter da Ag\u00eancia Brasil<br \/>\nEdi\u00e7\u00e3o: Denise Griesinger<\/p>\n","protected":false},"excerpt":{"rendered":"<p>Previstas para come\u00e7ar a partir de 1\u00b0 de julho, a impress\u00e3o e emiss\u00e3o do novo modelo da Carteira Nacional de Habilita\u00e7\u00e3o foram suspensas pelo Conselho Nacional de Tr\u00e2nsito (Contran). O novo prazo para implanta\u00e7\u00e3o ser\u00e1 discutido na pr\u00f3xima reuni\u00e3o do Contran, prevista para o m\u00eas de julho. A suspens\u00e3o da vig\u00eancia da Resolu\u00e7\u00e3o 511, que [&hellip;]<\/p>\n","protected":false},"author":2,"featured_media":35207,"comment_status":"open","ping_status":"closed","sticky":false,"template":"","format":"standard","meta":{"_genesis_hide_title":false,"_genesis_hide_breadcrumbs":false,"_genesis_hide_singular_image":false,"_genesis_hide_footer_widgets":false,"_genesis_custom_body_class":"","_genesis_custom_post_class":"","_genesis_layout":"","_jetpack_memberships_contains_paid_content":false,"footnotes":""},"categories":[22],"tags":[],"class_list":{"0":"post-71675","1":"post","2":"type-post","3":"status-publish","4":"format-standard","5":"has-post-thumbnail","7":"category-brasil","8":"entry","9":"gs-1","10":"gs-odd","11":"gs-even","12":"gs-featured-content-entry"},"jetpack_featured_media_url":"https:\/\/www.redenoticia.com.br\/noticia\/imagens\/transito-estradas.jpg","jetpack_sharing_enabled":true,"jetpack_likes_enabled":true,"_links":{"self":[{"href":"https:\/\/www.redenoticia.com.br\/noticia\/wp-json\/wp\/v2\/posts\/71675","targetHints":{"allow":["GET"]}}],"collection":[{"href":"https:\/\/www.redenoticia.com.br\/noticia\/wp-json\/wp\/v2\/posts"}],"about":[{"href":"https:\/\/www.redenoticia.com.br\/noticia\/wp-json\/wp\/v2\/types\/post"}],"author":[{"embeddable":true,"href":"https:\/\/www.redenoticia.com.br\/noticia\/wp-json\/wp\/v2\/users\/2"}],"replies":[{"embeddable":true,"href":"https:\/\/www.redenoticia.com.br\/noticia\/wp-json\/wp\/v2\/comments?post=71675"}],"version-history":[{"count":0,"href":"https:\/\/www.redenoticia.com.br\/noticia\/wp-json\/wp\/v2\/posts\/71675\/revisions"}],"wp:featuredmedia":[{"embeddable":true,"href":"https:\/\/www.redenoticia.com.br\/noticia\/wp-json\/wp\/v2\/media\/35207"}],"wp:attachment":[{"href":"https:\/\/www.redenoticia.com.br\/noticia\/wp-json\/wp\/v2\/media?parent=71675"}],"wp:term":[{"taxonomy":"category","embeddable":true,"href":"https:\/\/www.redenoticia.com.br\/noticia\/wp-json\/wp\/v2\/categories?post=71675"},{"taxonomy":"post_tag","embeddable":true,"href":"https:\/\/www.redenoticia.com.br\/noticia\/wp-json\/wp\/v2\/tags?post=71675"}],"curies":[{"name":"wp","href":"https:\/\/api.w.org\/{rel}","templated":true}]}}