{"id":71635,"date":"2015-06-22T12:39:32","date_gmt":"2015-06-22T15:39:32","guid":{"rendered":"http:\/\/www.redenoticia.com.br\/noticia\/?p=71635"},"modified":"2015-06-22T12:39:32","modified_gmt":"2015-06-22T15:39:32","slug":"mercado-financeiro-preve-juros-mais-altos-e-retracao-da-economia-este-ano","status":"publish","type":"post","link":"https:\/\/www.redenoticia.com.br\/noticia\/2015\/mercado-financeiro-preve-juros-mais-altos-e-retracao-da-economia-este-ano\/71635","title":{"rendered":"Mercado financeiro prev\u00ea juros mais altos e retra\u00e7\u00e3o da economia este ano"},"content":{"rendered":"<p> Institui\u00e7\u00f5es financeiras consultadas pelo Banco Central (BC) esperam por <strong><em>infla\u00e7\u00e3o<\/em><\/strong> e juros b\u00e1sicos mais altos e maior queda na economia este ano. De acordo com a pesquisa semanal do BC, a proje\u00e7\u00e3o de analistas do mercado financeiro para a infla\u00e7\u00e3o, medida pela \u00cdndice Nacional de Pre\u00e7os ao Consumidor Amplo (IPCA), subiu pela d\u00e9cima semana seguida. Desta vez, a estimativa passou de 8,79% para 8,97%. Para 2016, a estimativa segue em 5,50%, h\u00e1 cinco semanas. A infla\u00e7\u00e3o este ano deve estourar o teto da meta, que \u00e9 6,5%. O centro da meta \u00e9 4,5%.<\/p>\n<p>Para tentar frear a alta dos pre\u00e7os, o Comit\u00ea de Pol\u00edtica Monet\u00e1ria (Copom) do BC tem elevado a taxa b\u00e1sica de juros, a Selic. No \u00faltimo dia 3, o Copom elevou a Selic, pela sexta vez seguida, para 13,75% ao ano. Com o reajuste, a Selic retornou ao n\u00edvel de janeiro de 2009. Para as institui\u00e7\u00f5es financeiras, a Selic vai chegar ao final de 2015 em 14,25% ao ano. A proje\u00e7\u00e3o da semana passada era 14% ao ano. No final de 2016, a Selic deve ficar em 12% ao ano.<\/p>\n<p>A taxa \u00e9 usada nas negocia\u00e7\u00f5es de t\u00edtulos p\u00fablicos no Sistema Especial de Liquida\u00e7\u00e3o e Cust\u00f3dia (Selic) e serve como refer\u00eancia para as demais taxas de juros da economia. Ao reajust\u00e1-la para cima, o BC cont\u00e9m o excesso de demanda que pressiona os pre\u00e7os, porque os juros mais altos encarecem o cr\u00e9dito e estimulam a poupan\u00e7a. Quando reduz os juros b\u00e1sicos, o Copom barateia o cr\u00e9dito e incentiva a produ\u00e7\u00e3o e o consumo, mas alivia o controle sobre a infla\u00e7\u00e3o.<\/p>\n<p>Embora ajude no controle dos pre\u00e7os, o aumento da taxa Selic prejudica a economia, que atravessa um ano de recess\u00e3o, com queda na produ\u00e7\u00e3o e no consumo.<\/p>\n<p>A expectativa das institui\u00e7\u00f5es financeiras para a retra\u00e7\u00e3o da economia, este ano, passou de 1,35% para 1,45%. Essa \u00e9 a quinta piora seguida na estimativa para o Produto Interno Bruto (PIB), soma de todos os bens e servi\u00e7os produzidos no pa\u00eds. Para o pr\u00f3ximo ano, a proje\u00e7\u00e3o de crescimento passou de 0,9% para 0,7%. Na avalia\u00e7\u00e3o do mercado financeiro, a produ\u00e7\u00e3o industrial deve ter uma queda de 3,65%, este ano, e crescimento de 1,5%, em 2016.<\/p>\n<p>A pesquisa do BC tamb\u00e9m traz a proje\u00e7\u00e3o para a infla\u00e7\u00e3o medida pelo \u00cdndice Geral de Pre\u00e7os-Disponibilidade Interna (IGP-DI), que subiu de 7,08% para 7,31%, este ano. Para o \u00cdndice Geral de Pre\u00e7os-Mercado (IGP-M), a estimativa passou de 6,94% para 7%, em 2015. A estimativa para o \u00cdndice de Pre\u00e7os ao Consumidor da Funda\u00e7\u00e3o Instituto de Pesquisas Econ\u00f4micas (IPC-Fipe) subiu de 8,39% para 8,45% este ano.<\/p>\n<p>A proje\u00e7\u00e3o para a cota\u00e7\u00e3o do d\u00f3lar segue em R$ 3,20, ao final de 2015, e subiu de R$ 3,30 para R$ 3,40, no fim de 2016.<\/p>\n<p>Kelly Oliveira \u2013 Rep\u00f3rter da Ag\u00eancia Brasil<br \/>\nEdi\u00e7\u00e3o: Jos\u00e9 Romildo<\/p>\n","protected":false},"excerpt":{"rendered":"<p>Institui\u00e7\u00f5es financeiras consultadas pelo Banco Central (BC) esperam por infla\u00e7\u00e3o e juros b\u00e1sicos mais altos e maior queda na economia este ano. De acordo com a pesquisa semanal do BC, a proje\u00e7\u00e3o de analistas do mercado financeiro para a infla\u00e7\u00e3o, medida pela \u00cdndice Nacional de Pre\u00e7os ao Consumidor Amplo (IPCA), subiu pela d\u00e9cima semana seguida. [&hellip;]<\/p>\n","protected":false},"author":2,"featured_media":57583,"comment_status":"open","ping_status":"closed","sticky":false,"template":"","format":"standard","meta":{"_genesis_hide_title":false,"_genesis_hide_breadcrumbs":false,"_genesis_hide_singular_image":false,"_genesis_hide_footer_widgets":false,"_genesis_custom_body_class":"","_genesis_custom_post_class":"","_genesis_layout":"","_jetpack_memberships_contains_paid_content":false,"footnotes":""},"categories":[22,7],"tags":[],"class_list":{"0":"post-71635","1":"post","2":"type-post","3":"status-publish","4":"format-standard","5":"has-post-thumbnail","7":"category-brasil","8":"category-economia","9":"entry","10":"gs-1","11":"gs-odd","12":"gs-even","13":"gs-featured-content-entry"},"jetpack_featured_media_url":"https:\/\/www.redenoticia.com.br\/noticia\/imagens\/economia-grafico.jpg","jetpack_sharing_enabled":true,"jetpack_likes_enabled":true,"_links":{"self":[{"href":"https:\/\/www.redenoticia.com.br\/noticia\/wp-json\/wp\/v2\/posts\/71635","targetHints":{"allow":["GET"]}}],"collection":[{"href":"https:\/\/www.redenoticia.com.br\/noticia\/wp-json\/wp\/v2\/posts"}],"about":[{"href":"https:\/\/www.redenoticia.com.br\/noticia\/wp-json\/wp\/v2\/types\/post"}],"author":[{"embeddable":true,"href":"https:\/\/www.redenoticia.com.br\/noticia\/wp-json\/wp\/v2\/users\/2"}],"replies":[{"embeddable":true,"href":"https:\/\/www.redenoticia.com.br\/noticia\/wp-json\/wp\/v2\/comments?post=71635"}],"version-history":[{"count":0,"href":"https:\/\/www.redenoticia.com.br\/noticia\/wp-json\/wp\/v2\/posts\/71635\/revisions"}],"wp:featuredmedia":[{"embeddable":true,"href":"https:\/\/www.redenoticia.com.br\/noticia\/wp-json\/wp\/v2\/media\/57583"}],"wp:attachment":[{"href":"https:\/\/www.redenoticia.com.br\/noticia\/wp-json\/wp\/v2\/media?parent=71635"}],"wp:term":[{"taxonomy":"category","embeddable":true,"href":"https:\/\/www.redenoticia.com.br\/noticia\/wp-json\/wp\/v2\/categories?post=71635"},{"taxonomy":"post_tag","embeddable":true,"href":"https:\/\/www.redenoticia.com.br\/noticia\/wp-json\/wp\/v2\/tags?post=71635"}],"curies":[{"name":"wp","href":"https:\/\/api.w.org\/{rel}","templated":true}]}}