{"id":71633,"date":"2015-06-22T12:37:21","date_gmt":"2015-06-22T15:37:21","guid":{"rendered":"http:\/\/www.redenoticia.com.br\/noticia\/?p=71633"},"modified":"2015-06-22T12:37:21","modified_gmt":"2015-06-22T15:37:21","slug":"economistas-recomendam-reservar-dinheiro-para-enfrentar-crise-economica","status":"publish","type":"post","link":"https:\/\/www.redenoticia.com.br\/noticia\/2015\/economistas-recomendam-reservar-dinheiro-para-enfrentar-crise-economica\/71633","title":{"rendered":"Economistas recomendam reservar dinheiro para enfrentar crise econ\u00f4mica"},"content":{"rendered":"<p> A reserva de dinheiro para emerg\u00eancias \u00e9 uma op\u00e7\u00e3o para enfrentar o momento atual de <strong><em>crise na economia<\/em><\/strong>, com o aumento do desemprego e da infla\u00e7\u00e3o e, assim, fugir da inadimpl\u00eancia. A avalia\u00e7\u00e3o \u00e9 da economista-chefe do Servi\u00e7o de Prote\u00e7\u00e3o ao Cr\u00e9dito (SPC) Brasil, Marcela Kawauti.<\/p>\n<p>\u201cAs pessoas t\u00eam o costume de comprometer toda a renda com as parcelas. Quando vem o desemprego ou algum imprevisto, n\u00e3o tem para onde correr. \u00c9 preciso antecipar um futuro n\u00e3o muito bom e fazer uma reserva financeira\u201d, recomenda a economista.<\/p>\n<p>Ela orienta que se fa\u00e7am cortes no or\u00e7amento familiar para fazer essa reserva, como reduzir a frequ\u00eancia em restaurantes, por exemplo. \u201cPrivilegie as compras \u00e0 vista. Se n\u00e3o tiver dinheiro, espere dois ou tr\u00eas meses economizando\u201d, sugere.<\/p>\n<p>Outro passo para evitar a inadimpl\u00eancia, segundo a economista, \u00e9 trocar d\u00edvidas mais caras por mais baratas, como tomar cr\u00e9dito consignado &#8211; com taxa m\u00e9dia de juros de 26,9% ao ano em abril, segundo o Banco Central -, para pagar o cart\u00e3o de cr\u00e9dito, hoje com taxa do rotativo em 347,5% ao ano.<\/p>\n<p>\u201cDo mesmo jeito que o consumidor pesquisa os pre\u00e7os de uma geladeira antes de comprar, precisa pesquisar as taxas de juros mais adequadas\u201d, destaca a economista. Outra solu\u00e7\u00e3o \u00e9 fazer a portabilidade de cr\u00e9dito, ou seja, levar o empr\u00e9stimo de um banco para outro que ofere\u00e7a taxas menores.<\/p>\n<p>Para quem j\u00e1 caiu na lista dos inadimplentes, a solu\u00e7\u00e3o, segundo orienta\u00e7\u00e3o de economistas, \u00e9 renegociar a d\u00edvida, come\u00e7ando pelas mais caras.<\/p>\n<p>\u201cSe est\u00e1 em uma situa\u00e7\u00e3o muito dif\u00edcil, perdeu o emprego, \u00e9 importante ser proativo na gest\u00e3o da d\u00edvida. Existe uma maneira de renegociar. Pode parcelar por um per\u00edodo mais longo, negociar desconto de juros. Comece pelas d\u00edvidas mais caras como cart\u00e3o de cr\u00e9dito e cheque especial, sen\u00e3o vira uma bola de neve de um m\u00eas para o outro\u201d, orienta o economista Alexandre Nobre, s\u00f3cio da RCB Investimentos, empresa de aquisi\u00e7\u00e3o e gest\u00e3o de carteiras de cr\u00e9dito e receb\u00edveis.<\/p>\n<p>Marcela Kawauti tamb\u00e9m orienta que o consumidor endividado venda algum bem, como o carro, para pagar uma d\u00edvida que esteja fora de controle. &#8220;\u00c9 uma situa\u00e7\u00e3o provis\u00f3ria. Depois, o consumidor pode comprar outro carro&#8221;.<\/p>\n<p>Os economistas destacam que os principais fatores que levam \u00e0 inadimpl\u00eancia atualmente \u00e9 o desemprego e a alta dos pre\u00e7os. \u201cA infla\u00e7\u00e3o come do bolso do indiv\u00edduo\u201d, diz Nobre. E o desemprego, ressalta, tem atingido principalmente a ind\u00fastria, em segmentos como da constru\u00e7\u00e3o civil, petr\u00f3leo e g\u00e1s e ve\u00edculos.<\/p>\n<p>De acordo com os economistas, somente no pr\u00f3ximo ano se espera alguma melhora na inadimpl\u00eancia. \u201cN\u00e3o acho que a inadimpl\u00eancia esteja muito descontrolada, mas h\u00e1 uma piora gradual\u201d, diz Nobre. Para o economista, a melhora deve acontecer em meados do primeiro semestre do ano que vem, com a economia se recuperando.<\/p>\n<p>J\u00e1 para Marcela Kawauti somente no segundo semestre de 2016 a inadimpl\u00eancia deve recuar e a economia vai mostrar sinais positivos. \u201c\u00c9 como em uma ladeira, voc\u00ea n\u00e3o consegue frear com tudo para poder voltar a subir. A velocidade da queda \u00e9 forte. Por isso, s\u00f3 no segundo semestre do ano que vem para ter alguma melhora\u201d, diz. Por\u00e9m, a economista acredita que a inadimpl\u00eancia n\u00e3o deve aumentar descontroladamente este ano, porque os bancos est\u00e3o emprestando menos.<\/p>\n<p>De acordo com o SPC Brasil, mais de 2 milh\u00f5es de brasileiros entraram para a lista de inadimplentes entre dezembro de 2014 e maio deste ano. No total, o SPC estima que em maio havia cerca de 56,5 milh\u00f5es de inadimplentes.<\/p>\n<p>Kelly Oliveira &#8211; Rep\u00f3rter da Ag\u00eancia Brasil<br \/>\nEdi\u00e7\u00e3o: Fernando Fraga<\/p>\n","protected":false},"excerpt":{"rendered":"<p>A reserva de dinheiro para emerg\u00eancias \u00e9 uma op\u00e7\u00e3o para enfrentar o momento atual de crise na economia, com o aumento do desemprego e da infla\u00e7\u00e3o e, assim, fugir da inadimpl\u00eancia. A avalia\u00e7\u00e3o \u00e9 da economista-chefe do Servi\u00e7o de Prote\u00e7\u00e3o ao Cr\u00e9dito (SPC) Brasil, Marcela Kawauti. \u201cAs pessoas t\u00eam o costume de comprometer toda a [&hellip;]<\/p>\n","protected":false},"author":2,"featured_media":57584,"comment_status":"open","ping_status":"closed","sticky":false,"template":"","format":"standard","meta":{"_genesis_hide_title":false,"_genesis_hide_breadcrumbs":false,"_genesis_hide_singular_image":false,"_genesis_hide_footer_widgets":false,"_genesis_custom_body_class":"","_genesis_custom_post_class":"","_genesis_layout":"","_jetpack_memberships_contains_paid_content":false,"footnotes":""},"categories":[22,7],"tags":[],"class_list":{"0":"post-71633","1":"post","2":"type-post","3":"status-publish","4":"format-standard","5":"has-post-thumbnail","7":"category-brasil","8":"category-economia","9":"entry","10":"gs-1","11":"gs-odd","12":"gs-even","13":"gs-featured-content-entry"},"jetpack_featured_media_url":"https:\/\/www.redenoticia.com.br\/noticia\/imagens\/economia-grafica-analise-inflacao.jpg","jetpack_sharing_enabled":true,"jetpack_likes_enabled":true,"_links":{"self":[{"href":"https:\/\/www.redenoticia.com.br\/noticia\/wp-json\/wp\/v2\/posts\/71633","targetHints":{"allow":["GET"]}}],"collection":[{"href":"https:\/\/www.redenoticia.com.br\/noticia\/wp-json\/wp\/v2\/posts"}],"about":[{"href":"https:\/\/www.redenoticia.com.br\/noticia\/wp-json\/wp\/v2\/types\/post"}],"author":[{"embeddable":true,"href":"https:\/\/www.redenoticia.com.br\/noticia\/wp-json\/wp\/v2\/users\/2"}],"replies":[{"embeddable":true,"href":"https:\/\/www.redenoticia.com.br\/noticia\/wp-json\/wp\/v2\/comments?post=71633"}],"version-history":[{"count":0,"href":"https:\/\/www.redenoticia.com.br\/noticia\/wp-json\/wp\/v2\/posts\/71633\/revisions"}],"wp:featuredmedia":[{"embeddable":true,"href":"https:\/\/www.redenoticia.com.br\/noticia\/wp-json\/wp\/v2\/media\/57584"}],"wp:attachment":[{"href":"https:\/\/www.redenoticia.com.br\/noticia\/wp-json\/wp\/v2\/media?parent=71633"}],"wp:term":[{"taxonomy":"category","embeddable":true,"href":"https:\/\/www.redenoticia.com.br\/noticia\/wp-json\/wp\/v2\/categories?post=71633"},{"taxonomy":"post_tag","embeddable":true,"href":"https:\/\/www.redenoticia.com.br\/noticia\/wp-json\/wp\/v2\/tags?post=71633"}],"curies":[{"name":"wp","href":"https:\/\/api.w.org\/{rel}","templated":true}]}}