{"id":71631,"date":"2015-06-22T12:34:50","date_gmt":"2015-06-22T15:34:50","guid":{"rendered":"http:\/\/www.redenoticia.com.br\/noticia\/?p=71631"},"modified":"2015-06-22T12:34:50","modified_gmt":"2015-06-22T15:34:50","slug":"resultado-da-primeira-chamada-do-prouni","status":"publish","type":"post","link":"https:\/\/www.redenoticia.com.br\/noticia\/2015\/resultado-da-primeira-chamada-do-prouni\/71631","title":{"rendered":"Resultado da primeira chamada do ProUni"},"content":{"rendered":"<p>O Minist\u00e9rio da Educa\u00e7\u00e3o (MEC) divulga hoje (22) o resultado da primeira chamada do Programa Universidade para Todos (<em><strong>ProUni<\/strong><\/em>) referente ao segundo semestre deste ano. As informa\u00e7\u00f5es estar\u00e3o dispon\u00edveis na  na internet.<\/p>\n<p>O candidato selecionado dever\u00e1 comparecer \u00e0 institui\u00e7\u00e3o de ensino na qual foi pr\u00e9-selecionado, levando os documentos que comprovam as informa\u00e7\u00f5es prestadas na ficha de inscri\u00e7\u00e3o. Ele deve verificar o hor\u00e1rio e o local em que deve comparecer. O prazo para que isso seja feito vai at\u00e9 o dia 29.<\/p>\n<p>Caso perca a data, o candidato \u00e9 automaticamente retirado do processo.<\/p>\n<p>Entre os documentos a serem apresentados est\u00e3o o de identifica\u00e7\u00e3o, comprovante de resid\u00eancia, comprovante de rendimento e comprovante de conclus\u00e3o do ensino m\u00e9dio. A lista completa est\u00e1 na  .<\/p>\n<p>No dia 6 de julho ser\u00e1 divulgado o resultado da segunda chamada. Aqueles que n\u00e3o forem selecionados poder\u00e3o participar da lista de espera nos dias 17 e 20 de julho.<\/p>\n<p>O ProUni oferece bolsas de estudos integrais e parciais (50% da mensalidade) em institui\u00e7\u00f5es particulares de educa\u00e7\u00e3o superior com base nas notas do Exame Nacional do Ensino M\u00e9dio (Enem). \u00c9 dirigido a estudantes egressos do ensino m\u00e9dio da rede p\u00fablica ou que tenham vindo da rede particular na condi\u00e7\u00e3o de bolsistas integrais.<\/p>\n<p>O estudante precisa comprovar renda familiar, por pessoa, de at\u00e9 um sal\u00e1rio m\u00ednimo e meio para a bolsa integral e de at\u00e9 tr\u00eas sal\u00e1rios m\u00ednimos para bolsa parcial.<\/p>\n<p>Professores do quadro permanente da rede p\u00fablica de ensino podem participar, desde que concorrendo a cursos de licenciatura. Segundo o MEC, foram ofertados nesta segunda edi\u00e7\u00e3o do ProUni 68.971 bolsas integrais e 47.033 parciais.<\/p>\n<p>Da Ag\u00eancia Brasil<br \/>\nEdi\u00e7\u00e3o: Graca Adjuto<\/p>\n","protected":false},"excerpt":{"rendered":"<p>O Minist\u00e9rio da Educa\u00e7\u00e3o (MEC) divulga hoje (22) o resultado da primeira chamada do Programa Universidade para Todos (ProUni) referente ao segundo semestre deste ano. As informa\u00e7\u00f5es estar\u00e3o dispon\u00edveis na na internet. O candidato selecionado dever\u00e1 comparecer \u00e0 institui\u00e7\u00e3o de ensino na qual foi pr\u00e9-selecionado, levando os documentos que comprovam as informa\u00e7\u00f5es prestadas na ficha [&hellip;]<\/p>\n","protected":false},"author":2,"featured_media":23011,"comment_status":"open","ping_status":"closed","sticky":false,"template":"","format":"standard","meta":{"_genesis_hide_title":false,"_genesis_hide_breadcrumbs":false,"_genesis_hide_singular_image":false,"_genesis_hide_footer_widgets":false,"_genesis_custom_body_class":"","_genesis_custom_post_class":"","_genesis_layout":"","_jetpack_memberships_contains_paid_content":false,"footnotes":""},"categories":[22],"tags":[],"class_list":{"0":"post-71631","1":"post","2":"type-post","3":"status-publish","4":"format-standard","5":"has-post-thumbnail","7":"category-brasil","8":"entry","9":"gs-1","10":"gs-odd","11":"gs-even","12":"gs-featured-content-entry"},"jetpack_featured_media_url":"https:\/\/www.redenoticia.com.br\/noticia\/imagens\/prouni-inscricao.jpg","jetpack_sharing_enabled":true,"jetpack_likes_enabled":true,"_links":{"self":[{"href":"https:\/\/www.redenoticia.com.br\/noticia\/wp-json\/wp\/v2\/posts\/71631","targetHints":{"allow":["GET"]}}],"collection":[{"href":"https:\/\/www.redenoticia.com.br\/noticia\/wp-json\/wp\/v2\/posts"}],"about":[{"href":"https:\/\/www.redenoticia.com.br\/noticia\/wp-json\/wp\/v2\/types\/post"}],"author":[{"embeddable":true,"href":"https:\/\/www.redenoticia.com.br\/noticia\/wp-json\/wp\/v2\/users\/2"}],"replies":[{"embeddable":true,"href":"https:\/\/www.redenoticia.com.br\/noticia\/wp-json\/wp\/v2\/comments?post=71631"}],"version-history":[{"count":0,"href":"https:\/\/www.redenoticia.com.br\/noticia\/wp-json\/wp\/v2\/posts\/71631\/revisions"}],"wp:featuredmedia":[{"embeddable":true,"href":"https:\/\/www.redenoticia.com.br\/noticia\/wp-json\/wp\/v2\/media\/23011"}],"wp:attachment":[{"href":"https:\/\/www.redenoticia.com.br\/noticia\/wp-json\/wp\/v2\/media?parent=71631"}],"wp:term":[{"taxonomy":"category","embeddable":true,"href":"https:\/\/www.redenoticia.com.br\/noticia\/wp-json\/wp\/v2\/categories?post=71631"},{"taxonomy":"post_tag","embeddable":true,"href":"https:\/\/www.redenoticia.com.br\/noticia\/wp-json\/wp\/v2\/tags?post=71631"}],"curies":[{"name":"wp","href":"https:\/\/api.w.org\/{rel}","templated":true}]}}