{"id":71629,"date":"2015-06-22T12:32:15","date_gmt":"2015-06-22T15:32:15","guid":{"rendered":"http:\/\/www.redenoticia.com.br\/noticia\/?p=71629"},"modified":"2015-06-22T12:32:15","modified_gmt":"2015-06-22T15:32:15","slug":"professores-da-ufrj-aderem-a-greve-das-universidades-federais","status":"publish","type":"post","link":"https:\/\/www.redenoticia.com.br\/noticia\/2015\/professores-da-ufrj-aderem-a-greve-das-universidades-federais\/71629","title":{"rendered":"Professores da UFRJ aderem \u00e0 greve das universidades federais"},"content":{"rendered":"<p> Os professores da Universidade Federal do Rio de Janeiro (UFRJ) decidiram entrar em <strong><em>greve<\/em><\/strong> a partir da pr\u00f3xima ter\u00e7a-feira (23). A decis\u00e3o foi tomada em assembleia da categoria, quando cerca de 400 pessoas se reuniram na Escola de M\u00fasica da UFRJ, segundo c\u00e1lculo dos pr\u00f3prios professores. Com isso, eles se juntam aos funcion\u00e1rios e alunos da universidade, que j\u00e1 estavam em greve.<\/p>\n<p>A vice-presidente da Associa\u00e7\u00e3o dos Docentes da UFRJ (Adufrj), Luciana Boiteux, explicou os motivos que levaram os trabalhadores a aprovarem a greve. \u201cO movimento docente nacional vem construindo uma pauta de reivindica\u00e7\u00f5es desde o in\u00edcio do ano. Basicamente s\u00e3o cinco pontos: a defesa da universidade p\u00fablica gratuita, melhores condi\u00e7\u00f5es de trabalho, reformula\u00e7\u00e3o da carreira, contra os cortes de verba para as universidades federais e valoriza\u00e7\u00e3o salarial de funcion\u00e1rios ativos e aposentados\u201d, enumerou Luciana.<\/p>\n<p>No dia 23 haver\u00e1 reuni\u00e3o com representantes do Minist\u00e9rio da Educa\u00e7\u00e3o (MEC), em Bras\u00edlia, para discutir a situa\u00e7\u00e3o nacional das universidades federais. A diretora do Sindicato Nacional dos Docentes das Institui\u00e7\u00f5es de Ensino Superior (Andes), Claudia March, disse que o movimento vai cobrar que o MEC &#8220;apresente qual \u00e9 a posi\u00e7\u00e3o do governo em rela\u00e7\u00e3o \u00e0 nossa pauta de reivindica\u00e7\u00f5es. Estamos h\u00e1 mais de um ano sem nenhuma resposta sobre esta pauta. A nossa expectativa \u00e9 que consigamos algumas respostas. A greve est\u00e1 se ampliando e se fortalecendo em n\u00edvel nacional\u201d, disse Claudia.<\/p>\n<p>Segundo ela, \u201ca defesa do car\u00e1ter p\u00fablico da universidade diz respeito a ser contra o corte de verbas e contra a contrata\u00e7\u00e3o de organiza\u00e7\u00e3o social, que \u00e9 forma de precariza\u00e7\u00e3o do trabalho docente&#8221;.<br \/>\nQuanto \u00e0s condi\u00e7\u00f5es se trabalho, ela mencionou a falta de salas de aula e a exist\u00eancia de empregados terceirizados, sem sal\u00e1rios, al\u00e9m de o minist\u00e9rio impor normas que alteram a vida universit\u00e1ria quanto \u00e0 gest\u00e3o de pessoal e normas de progress\u00e3o.<\/p>\n<p>O sindicato tamb\u00e9m luta pela reestrutura\u00e7\u00e3o do quadro de carreira, pela autonomia universit\u00e1ria e pela valoriza\u00e7\u00e3o salarial de docentes e aposentados\u201d, disse a dirigente do Andes.<\/p>\n<p>A deflagra\u00e7\u00e3o da greve foi tomada em assembleia com qu\u00f3rum dividido. De acordo com as dirigentes sindicais, votaram a favor da greve 193 pessoas e contra a paralisa\u00e7\u00e3o 167. A UFRJ foi procurada para se pronunciar sobre a deflagra\u00e7\u00e3o da greve dos professores, mas n\u00e3o deu retorno at\u00e9 a edi\u00e7\u00e3o desta mat\u00e9ria.<\/p>\n<p>Vladimir Platonow &#8211; Rep\u00f3rter da Ag\u00eancia Brasil<br \/>\nEdi\u00e7\u00e3o: St\u00eanio Ribeiro<\/p>\n","protected":false},"excerpt":{"rendered":"<p>Os professores da Universidade Federal do Rio de Janeiro (UFRJ) decidiram entrar em greve a partir da pr\u00f3xima ter\u00e7a-feira (23). A decis\u00e3o foi tomada em assembleia da categoria, quando cerca de 400 pessoas se reuniram na Escola de M\u00fasica da UFRJ, segundo c\u00e1lculo dos pr\u00f3prios professores. Com isso, eles se juntam aos funcion\u00e1rios e alunos [&hellip;]<\/p>\n","protected":false},"author":2,"featured_media":34749,"comment_status":"open","ping_status":"closed","sticky":false,"template":"","format":"standard","meta":{"_genesis_hide_title":false,"_genesis_hide_breadcrumbs":false,"_genesis_hide_singular_image":false,"_genesis_hide_footer_widgets":false,"_genesis_custom_body_class":"","_genesis_custom_post_class":"","_genesis_layout":"","_jetpack_memberships_contains_paid_content":false,"footnotes":""},"categories":[22],"tags":[],"class_list":{"0":"post-71629","1":"post","2":"type-post","3":"status-publish","4":"format-standard","5":"has-post-thumbnail","7":"category-brasil","8":"entry","9":"gs-1","10":"gs-odd","11":"gs-even","12":"gs-featured-content-entry"},"jetpack_featured_media_url":"https:\/\/www.redenoticia.com.br\/noticia\/imagens\/professor1.jpg","jetpack_sharing_enabled":true,"jetpack_likes_enabled":true,"_links":{"self":[{"href":"https:\/\/www.redenoticia.com.br\/noticia\/wp-json\/wp\/v2\/posts\/71629","targetHints":{"allow":["GET"]}}],"collection":[{"href":"https:\/\/www.redenoticia.com.br\/noticia\/wp-json\/wp\/v2\/posts"}],"about":[{"href":"https:\/\/www.redenoticia.com.br\/noticia\/wp-json\/wp\/v2\/types\/post"}],"author":[{"embeddable":true,"href":"https:\/\/www.redenoticia.com.br\/noticia\/wp-json\/wp\/v2\/users\/2"}],"replies":[{"embeddable":true,"href":"https:\/\/www.redenoticia.com.br\/noticia\/wp-json\/wp\/v2\/comments?post=71629"}],"version-history":[{"count":0,"href":"https:\/\/www.redenoticia.com.br\/noticia\/wp-json\/wp\/v2\/posts\/71629\/revisions"}],"wp:featuredmedia":[{"embeddable":true,"href":"https:\/\/www.redenoticia.com.br\/noticia\/wp-json\/wp\/v2\/media\/34749"}],"wp:attachment":[{"href":"https:\/\/www.redenoticia.com.br\/noticia\/wp-json\/wp\/v2\/media?parent=71629"}],"wp:term":[{"taxonomy":"category","embeddable":true,"href":"https:\/\/www.redenoticia.com.br\/noticia\/wp-json\/wp\/v2\/categories?post=71629"},{"taxonomy":"post_tag","embeddable":true,"href":"https:\/\/www.redenoticia.com.br\/noticia\/wp-json\/wp\/v2\/tags?post=71629"}],"curies":[{"name":"wp","href":"https:\/\/api.w.org\/{rel}","templated":true}]}}