{"id":71551,"date":"2015-06-19T18:29:01","date_gmt":"2015-06-19T21:29:01","guid":{"rendered":"http:\/\/www.redenoticia.com.br\/noticia\/?p=71551"},"modified":"2015-06-19T18:29:01","modified_gmt":"2015-06-19T21:29:01","slug":"inflacao-oficial-chega-a-88-em-12-meses-na-previa-de-junho","status":"publish","type":"post","link":"https:\/\/www.redenoticia.com.br\/noticia\/2015\/inflacao-oficial-chega-a-88-em-12-meses-na-previa-de-junho\/71551","title":{"rendered":"Infla\u00e7\u00e3o oficial chega a 8,8% em 12 meses na pr\u00e9via de junho"},"content":{"rendered":"<p> A pr\u00e9via da infla\u00e7\u00e3o oficial, medida pelo \u00cdndice Nacional de Pre\u00e7os ao Consumidor Amplo \u2013 15 (IPCA-15), ficou em 0,99% em junho deste ano. A taxa \u00e9 superior ao 0,6% de maio deste ano e ao 0,47% de junho do ano passado. <\/p>\n<p>Com a pr\u00e9via, divulgada pelo Instituto Brasileiro de Geografia e Estat\u00edstica (IBGE), o IPCA acumula taxa de 8,8% em 12 meses, superior ao teto da meta do governo de 6,5%. A infla\u00e7\u00e3o acumulada no ano \u00e9 6,28%.<\/p>\n<p>V\u00edtor Abdala &#8211; Rep\u00f3rter da Ag\u00eancia Brasil Edi\u00e7\u00e3o: Marcos Chagas<\/p>\n<p>&#8212;-<br \/>\nKelly Oliveira \u2013 Rep\u00f3rter da Ag\u00eancia Brasil Edi\u00e7\u00e3o: Denise Griesinger<br \/>\nA atividade econ\u00f4mica do pa\u00eds registrou queda pelo segundo m\u00eas seguido. O \u00cdndice de Atividade Econ\u00f4mica do Banco Central (IBC-Br) dessazonalizado (ajustado para o per\u00edodo) apresentou retra\u00e7\u00e3o de 0,84% em abril, comparado a mar\u00e7o, de acordo com dados divulgados hoje (19).<\/p>\n<p>Em mar\u00e7o, na compara\u00e7\u00e3o com fevereiro, a queda chegou a 1,51%, de acordo com dados revisados.<\/p>\n<p>Na compara\u00e7\u00e3o entre abril deste ano e o mesmo m\u00eas de 2014, houve queda de 3,13%, de acordo com os dados sem ajustes, pois s\u00e3o per\u00edodos iguais na compara\u00e7\u00e3o. Em 12 meses encerrados em abril, a retra\u00e7\u00e3o ficou em 1,3% e no ano, em 2,23%. O \u00edndice dessazonalizado em 12 meses apresentou queda de 1,38%.<\/p>\n<p>O IBC-Br \u00e9 uma forma de avaliar a evolu\u00e7\u00e3o da atividade econ\u00f4mica brasileira a cada m\u00eas. O \u00edndice incorpora informa\u00e7\u00f5es sobre o n\u00edvel de atividade dos tr\u00eas setores da economia: ind\u00fastria, com\u00e9rcio e servi\u00e7os e agropecu\u00e1ria, mas o BC s\u00f3 divulga o resultado total do indicador.<\/p>\n<p>O indicador oficial sobre o desempenho da economia \u00e9 o Produto Interno Bruto (PIB), elaborado pelo Instituto Brasileiro de Geografia e Estat\u00edstica (IBGE), e divulgado por trimestres. Na avalia\u00e7\u00e3o do mercado financeiro, o PIB deve ter queda de 1,35%, este ano.<\/p>\n<p>No primeiro trimestre deste ano, o PIB recuou 0,2% na compara\u00e7\u00e3o com o per\u00edodo anterior (outubro, novembro e dezembro de 2014). Em rela\u00e7\u00e3o ao mesmo per\u00edodo do ano passado, houve queda de 1,6%, a maior retra\u00e7\u00e3o desde o segundo trimestre de 2009 (-2,3%). Em 12 meses, o PIB acumulou queda de 0,9%.<\/p>\n","protected":false},"excerpt":{"rendered":"<p>A pr\u00e9via da infla\u00e7\u00e3o oficial, medida pelo \u00cdndice Nacional de Pre\u00e7os ao Consumidor Amplo \u2013 15 (IPCA-15), ficou em 0,99% em junho deste ano. A taxa \u00e9 superior ao 0,6% de maio deste ano e ao 0,47% de junho do ano passado. Com a pr\u00e9via, divulgada pelo Instituto Brasileiro de Geografia e Estat\u00edstica (IBGE), o [&hellip;]<\/p>\n","protected":false},"author":2,"featured_media":57584,"comment_status":"open","ping_status":"closed","sticky":false,"template":"","format":"standard","meta":{"_genesis_hide_title":false,"_genesis_hide_breadcrumbs":false,"_genesis_hide_singular_image":false,"_genesis_hide_footer_widgets":false,"_genesis_custom_body_class":"","_genesis_custom_post_class":"","_genesis_layout":"","_jetpack_memberships_contains_paid_content":false,"footnotes":""},"categories":[22,7],"tags":[],"class_list":{"0":"post-71551","1":"post","2":"type-post","3":"status-publish","4":"format-standard","5":"has-post-thumbnail","7":"category-brasil","8":"category-economia","9":"entry","10":"gs-1","11":"gs-odd","12":"gs-even","13":"gs-featured-content-entry"},"jetpack_featured_media_url":"https:\/\/www.redenoticia.com.br\/noticia\/imagens\/economia-grafica-analise-inflacao.jpg","jetpack_sharing_enabled":true,"jetpack_likes_enabled":true,"_links":{"self":[{"href":"https:\/\/www.redenoticia.com.br\/noticia\/wp-json\/wp\/v2\/posts\/71551","targetHints":{"allow":["GET"]}}],"collection":[{"href":"https:\/\/www.redenoticia.com.br\/noticia\/wp-json\/wp\/v2\/posts"}],"about":[{"href":"https:\/\/www.redenoticia.com.br\/noticia\/wp-json\/wp\/v2\/types\/post"}],"author":[{"embeddable":true,"href":"https:\/\/www.redenoticia.com.br\/noticia\/wp-json\/wp\/v2\/users\/2"}],"replies":[{"embeddable":true,"href":"https:\/\/www.redenoticia.com.br\/noticia\/wp-json\/wp\/v2\/comments?post=71551"}],"version-history":[{"count":0,"href":"https:\/\/www.redenoticia.com.br\/noticia\/wp-json\/wp\/v2\/posts\/71551\/revisions"}],"wp:featuredmedia":[{"embeddable":true,"href":"https:\/\/www.redenoticia.com.br\/noticia\/wp-json\/wp\/v2\/media\/57584"}],"wp:attachment":[{"href":"https:\/\/www.redenoticia.com.br\/noticia\/wp-json\/wp\/v2\/media?parent=71551"}],"wp:term":[{"taxonomy":"category","embeddable":true,"href":"https:\/\/www.redenoticia.com.br\/noticia\/wp-json\/wp\/v2\/categories?post=71551"},{"taxonomy":"post_tag","embeddable":true,"href":"https:\/\/www.redenoticia.com.br\/noticia\/wp-json\/wp\/v2\/tags?post=71551"}],"curies":[{"name":"wp","href":"https:\/\/api.w.org\/{rel}","templated":true}]}}