{"id":71549,"date":"2015-06-19T18:24:21","date_gmt":"2015-06-19T21:24:21","guid":{"rendered":"http:\/\/www.redenoticia.com.br\/noticia\/?p=71549"},"modified":"2015-06-19T18:24:21","modified_gmt":"2015-06-19T21:24:21","slug":"mercado-de-trabalho-perde-1155-mil-vagas-em-maio","status":"publish","type":"post","link":"https:\/\/www.redenoticia.com.br\/noticia\/2015\/mercado-de-trabalho-perde-1155-mil-vagas-em-maio\/71549","title":{"rendered":"Mercado de trabalho perde 115,5 mil vagas em maio"},"content":{"rendered":"<p>O Brasil registrou <strong><em>retra\u00e7\u00e3o de 115.599 empregos<\/em><\/strong> com carteira assinada no m\u00eas de maio, na compara\u00e7\u00e3o com abril. No per\u00edodo, foram admitidos 1.464.645 trabalhadores, n\u00famero inferior ao das admiss\u00f5es registradas no mesmo m\u00eas, 1.580.244. O saldo representa queda de 0,28% no n\u00famero de vagas no mercado de trabalho. Os dados s\u00e3o do Cadastro Geral de Empregados e Desempregados (Caged), divulgado pelo Minist\u00e9rio do Trabalho. Em maio de 2014, o saldo de empregos formais foi positivo em 58.836 vagas.<\/p>\n<p>No acumulado do ano, houve decr\u00e9scimo de 243.948 vagas. No acumulado dos os \u00faltimos 12 meses, a retra\u00e7\u00e3o chega a 452.853 postos de trabalho, o que, segundo o minist\u00e9rio, corresponde a um decl\u00ednio de 1,09% no contingente total de empregos com carteira assinada do pa\u00eds.<\/p>\n<p>Dos oito setores pesquisados, apenas um obteve saldo positivo: a agropecu\u00e1ria, que abriu 28.362 vagas, 1,83% a mais do que o resultado de abril.<\/p>\n<p>Em termos absolutos, a ind\u00fastria da transforma\u00e7\u00e3o foi o setor que registrou a maior queda, com elimina\u00e7\u00e3o de 60.989 postos de trabalho, varia\u00e7\u00e3o negativa de 0,75% na compara\u00e7\u00e3o com abril. Em termos proporcionais, o pior resultado foi o da constru\u00e7\u00e3o civil, que teve queda de 1% na compara\u00e7\u00e3o com abril, o que corresponde a 29.795 vagas a menos. O setor de servi\u00e7os tamb\u00e9m registrou queda, com o fim de 32.602 empregos formais.<\/p>\n<p>S\u00e3o Paulo foi a unidade federativa que mais demitiu, com redu\u00e7\u00e3o de 23.037 postos de trabalho. O segundo pior resultado foi o do Rio Grande do Sul (-15.815), seguido pelo Rio de Janeiro (-11.105) e Minas Gerais (-10.024). Com retra\u00e7\u00e3o de 2,73% no n\u00famero de vagas, Alagoas foi o estado com pior resultado em termos proporcionais.<\/p>\n<p>Apenas quatro estados obtiveram saldo positivo: Mato Grosso do Sul, com amplia\u00e7\u00e3o de 534 vagas; Goi\u00e1s , com mais 333; Acre, com mais 193;  e Piau\u00ed, que criou 63 vagas.<\/p>\n<p>Pedro Peduzzi \u2013 Rep\u00f3rter da Ag\u00eancia Brasil<br \/>\nEdi\u00e7\u00e3o: Denise Griesinger<\/p>\n","protected":false},"excerpt":{"rendered":"<p>O Brasil registrou retra\u00e7\u00e3o de 115.599 empregos com carteira assinada no m\u00eas de maio, na compara\u00e7\u00e3o com abril. No per\u00edodo, foram admitidos 1.464.645 trabalhadores, n\u00famero inferior ao das admiss\u00f5es registradas no mesmo m\u00eas, 1.580.244. O saldo representa queda de 0,28% no n\u00famero de vagas no mercado de trabalho. Os dados s\u00e3o do Cadastro Geral de [&hellip;]<\/p>\n","protected":false},"author":2,"featured_media":38940,"comment_status":"open","ping_status":"closed","sticky":false,"template":"","format":"standard","meta":{"_genesis_hide_title":false,"_genesis_hide_breadcrumbs":false,"_genesis_hide_singular_image":false,"_genesis_hide_footer_widgets":false,"_genesis_custom_body_class":"","_genesis_custom_post_class":"","_genesis_layout":"","_jetpack_memberships_contains_paid_content":false,"footnotes":""},"categories":[22,7],"tags":[],"class_list":{"0":"post-71549","1":"post","2":"type-post","3":"status-publish","4":"format-standard","5":"has-post-thumbnail","7":"category-brasil","8":"category-economia","9":"entry","10":"gs-1","11":"gs-odd","12":"gs-even","13":"gs-featured-content-entry"},"jetpack_featured_media_url":"https:\/\/www.redenoticia.com.br\/noticia\/imagens\/grafico.jpg","jetpack_sharing_enabled":true,"jetpack_likes_enabled":true,"_links":{"self":[{"href":"https:\/\/www.redenoticia.com.br\/noticia\/wp-json\/wp\/v2\/posts\/71549","targetHints":{"allow":["GET"]}}],"collection":[{"href":"https:\/\/www.redenoticia.com.br\/noticia\/wp-json\/wp\/v2\/posts"}],"about":[{"href":"https:\/\/www.redenoticia.com.br\/noticia\/wp-json\/wp\/v2\/types\/post"}],"author":[{"embeddable":true,"href":"https:\/\/www.redenoticia.com.br\/noticia\/wp-json\/wp\/v2\/users\/2"}],"replies":[{"embeddable":true,"href":"https:\/\/www.redenoticia.com.br\/noticia\/wp-json\/wp\/v2\/comments?post=71549"}],"version-history":[{"count":0,"href":"https:\/\/www.redenoticia.com.br\/noticia\/wp-json\/wp\/v2\/posts\/71549\/revisions"}],"wp:featuredmedia":[{"embeddable":true,"href":"https:\/\/www.redenoticia.com.br\/noticia\/wp-json\/wp\/v2\/media\/38940"}],"wp:attachment":[{"href":"https:\/\/www.redenoticia.com.br\/noticia\/wp-json\/wp\/v2\/media?parent=71549"}],"wp:term":[{"taxonomy":"category","embeddable":true,"href":"https:\/\/www.redenoticia.com.br\/noticia\/wp-json\/wp\/v2\/categories?post=71549"},{"taxonomy":"post_tag","embeddable":true,"href":"https:\/\/www.redenoticia.com.br\/noticia\/wp-json\/wp\/v2\/tags?post=71549"}],"curies":[{"name":"wp","href":"https:\/\/api.w.org\/{rel}","templated":true}]}}