{"id":71545,"date":"2015-06-19T18:21:18","date_gmt":"2015-06-19T21:21:18","guid":{"rendered":"http:\/\/www.redenoticia.com.br\/noticia\/?p=71545"},"modified":"2015-06-19T18:21:18","modified_gmt":"2015-06-19T21:21:18","slug":"professores-de-metade-das-universidades-federais-estao-em-greve","status":"publish","type":"post","link":"https:\/\/www.redenoticia.com.br\/noticia\/2015\/professores-de-metade-das-universidades-federais-estao-em-greve\/71545","title":{"rendered":"Professores de metade das universidades federais est\u00e3o em greve"},"content":{"rendered":"<p> A<strong><em> greve dos professores<\/em><\/strong> das universidades federais alcan\u00e7ou a ades\u00e3o de docentes de 31 das 63 universidades federais e de um instituto federal, segundo balan\u00e7o do Sindicato Nacional dos Docentes de Institui\u00e7\u00f5es de Ensino Superior (Andes-SN). Na pr\u00f3xima ter\u00e7a-feira (23), representantes dos professores participam de reuni\u00e3o no Minist\u00e9rio da Educa\u00e7\u00e3o (MEC). A greve foi iniciada no dia 28 de maio.<\/p>\n<p>A \u00faltima reuni\u00e3o dos docentes com o MEC para negocia\u00e7\u00e3o ocorreu no dia 22 de maio. De acordo com o Andes-SN, n\u00e3o houve respostas para a pauta apresentada pela categoria, que inclui reestrutura\u00e7\u00e3o da carreira, valoriza\u00e7\u00e3o salarial, defesa do car\u00e1ter p\u00fablico das universidades e melhores condi\u00e7\u00f5es de trabalho.<\/p>\n<p>O presidente do sindicato, Paulo Rizzo, disse que a expectativa dos docentes \u00e9 ter resposta \u00e0s propostas do movimento. \u201cNo dia 22 de maio, questionamos que n\u00e3o tinham respondido nossa pauta, e nossa expectativa \u00e9 que nesta reuni\u00e3o o MEC se pronuncie em rela\u00e7\u00e3o \u00e0 pauta de reivindica\u00e7\u00f5es. Gostar\u00edamos que trouxessem algo para que o movimento possa avaliar.\u201d<\/p>\n<p>Na avalia\u00e7\u00e3o de Rizzo, os movimentos recentes do governo t\u00eam sido no sentido de reduzir cada vez mais as verbas para a educa\u00e7\u00e3o. \u201cO que o governo tem feito at\u00e9 agora \u00e9 cortar Or\u00e7amento, verba. Foram cortados R$ 9,4 bilh\u00f5es do or\u00e7amento da educa\u00e7\u00e3o para ese ano\u201d, disse.<\/p>\n<p>Na pauta de reivindica\u00e7\u00f5es entregue ao MEC, os docentes inclu\u00edram, por exemplo, piso remunerat\u00f3rio de R$ 2.784 para docente graduado em regime de trabalho de 20 horas. Outros pontos s\u00e3o a amplia\u00e7\u00e3o da infraestrutura das institui\u00e7\u00f5es, incluindo laborat\u00f3rios e equipamentos e aplica\u00e7\u00e3o de 1,5% do Produto Interno Bruto (PIB) em ci\u00eancia e tecnologia.<\/p>\n<p>Em nota divulgada no \u00faltimo dia 9, o Minist\u00e9rio do Planejamento, Or\u00e7amento e Gest\u00e3o informou que uma contraproposta para as institui\u00e7\u00f5es federais de ensino ser\u00e1 apresentada at\u00e9 o fim deste m\u00eas. Essa contraproposta faz parte do contexto das negocia\u00e7\u00f5es feitas com o conjunto do funcionalismo p\u00fablico, de acordo com o minist\u00e9rio.<\/p>\n<p>Em audi\u00eancia p\u00fablica na semana passada, no Senado, o ministro da Educa\u00e7\u00e3o, Renato Janine Ribeiro, disse que a pasta est\u00e1 aberta ao di\u00e1logo com os servidores. Quando foi deflagrada a greve, o MEC divulgou nota criticando a decis\u00e3o dos professores. Para o MEC, a paralisa\u00e7\u00e3o s\u00f3 faria sentido se estivessem esgotados os canais de negocia\u00e7\u00e3o. T\u00e9cnicos administrativos de institui\u00e7\u00f5es p\u00fablicas de ensino superior tamb\u00e9m est\u00e3o em greve.<\/p>\n<p>Yara Aquino &#8211; Rep\u00f3rter da Ag\u00eancia Brasil<br \/>\nEdi\u00e7\u00e3o: Juliana Andrade<\/p>\n","protected":false},"excerpt":{"rendered":"<p>A greve dos professores das universidades federais alcan\u00e7ou a ades\u00e3o de docentes de 31 das 63 universidades federais e de um instituto federal, segundo balan\u00e7o do Sindicato Nacional dos Docentes de Institui\u00e7\u00f5es de Ensino Superior (Andes-SN). Na pr\u00f3xima ter\u00e7a-feira (23), representantes dos professores participam de reuni\u00e3o no Minist\u00e9rio da Educa\u00e7\u00e3o (MEC). A greve foi iniciada [&hellip;]<\/p>\n","protected":false},"author":2,"featured_media":36262,"comment_status":"open","ping_status":"closed","sticky":false,"template":"","format":"standard","meta":{"_genesis_hide_title":false,"_genesis_hide_breadcrumbs":false,"_genesis_hide_singular_image":false,"_genesis_hide_footer_widgets":false,"_genesis_custom_body_class":"","_genesis_custom_post_class":"","_genesis_layout":"","_jetpack_memberships_contains_paid_content":false,"footnotes":""},"categories":[22],"tags":[],"class_list":{"0":"post-71545","1":"post","2":"type-post","3":"status-publish","4":"format-standard","5":"has-post-thumbnail","7":"category-brasil","8":"entry","9":"gs-1","10":"gs-odd","11":"gs-even","12":"gs-featured-content-entry"},"jetpack_featured_media_url":"https:\/\/www.redenoticia.com.br\/noticia\/imagens\/aluno-a.jpg","jetpack_sharing_enabled":true,"jetpack_likes_enabled":true,"_links":{"self":[{"href":"https:\/\/www.redenoticia.com.br\/noticia\/wp-json\/wp\/v2\/posts\/71545","targetHints":{"allow":["GET"]}}],"collection":[{"href":"https:\/\/www.redenoticia.com.br\/noticia\/wp-json\/wp\/v2\/posts"}],"about":[{"href":"https:\/\/www.redenoticia.com.br\/noticia\/wp-json\/wp\/v2\/types\/post"}],"author":[{"embeddable":true,"href":"https:\/\/www.redenoticia.com.br\/noticia\/wp-json\/wp\/v2\/users\/2"}],"replies":[{"embeddable":true,"href":"https:\/\/www.redenoticia.com.br\/noticia\/wp-json\/wp\/v2\/comments?post=71545"}],"version-history":[{"count":0,"href":"https:\/\/www.redenoticia.com.br\/noticia\/wp-json\/wp\/v2\/posts\/71545\/revisions"}],"wp:featuredmedia":[{"embeddable":true,"href":"https:\/\/www.redenoticia.com.br\/noticia\/wp-json\/wp\/v2\/media\/36262"}],"wp:attachment":[{"href":"https:\/\/www.redenoticia.com.br\/noticia\/wp-json\/wp\/v2\/media?parent=71545"}],"wp:term":[{"taxonomy":"category","embeddable":true,"href":"https:\/\/www.redenoticia.com.br\/noticia\/wp-json\/wp\/v2\/categories?post=71545"},{"taxonomy":"post_tag","embeddable":true,"href":"https:\/\/www.redenoticia.com.br\/noticia\/wp-json\/wp\/v2\/tags?post=71545"}],"curies":[{"name":"wp","href":"https:\/\/api.w.org\/{rel}","templated":true}]}}