{"id":71543,"date":"2015-06-19T18:19:09","date_gmt":"2015-06-19T21:19:09","guid":{"rendered":"http:\/\/www.redenoticia.com.br\/noticia\/?p=71543"},"modified":"2015-06-19T18:19:09","modified_gmt":"2015-06-19T21:19:09","slug":"como-tirar-o-rg-do-seu-bebe-em-sp","status":"publish","type":"post","link":"https:\/\/www.redenoticia.com.br\/noticia\/2015\/como-tirar-o-rg-do-seu-bebe-em-sp\/71543","title":{"rendered":"Como tirar o RG do seu beb\u00ea em SP"},"content":{"rendered":"<p>Estat\u00edsticas oficiais divulgadas pelo programa Poupatempo indicam que somente no Estado de S\u00e3o Paulo 187,1 mil <em><strong>beb\u00eas de at\u00e9 tr\u00eas anos tiraram o RG<\/strong><\/em>, de janeiro a dezembro de 2014. No ano anterior, foram 156,8 mil na mesma faixa et\u00e1ria. Em 2015, s\u00f3 de janeiro a maio, mais 95,2 mil crian\u00e7as de at\u00e9 tr\u00eas anos. Do total de mais de 439 mil beb\u00eas que fizeram o RG desde janeiro de 2013, 166,4 mil tinham menos de um ano de idade quando foram levados pelos pais a um dos postos do Poupatempo.<\/p>\n<p>H\u00e1 casos em que o beb\u00ea \u00e9 levado com poucos dias de vida para tirar o documento. Como as digitais ainda n\u00e3o est\u00e3o totalmente definidas, apenas as impress\u00f5es digitais dos ded\u00f5es s\u00e3o documentadas na carteira de crian\u00e7as de at\u00e9 cinco anos. No espa\u00e7o para a assinatura, a identidade dos beb\u00eas traz o aviso de que o portador est\u00e1 \u201cimpossibilitado de assinar\u201d.<\/p>\n<p>Atendimento preferencial<br \/>\nCom o filho pequeno no colo, os pais recebem atendimento preferencial na hora de tirar o documento. Para maior comodidade dos cidad\u00e3os, o Poupatempo oferece um servi\u00e7o de remessa de documentos pelos Correios por R$ 9,09.<\/p>\n<p>Os atendentes do Poupatempo j\u00e1 sabem como contornar problemas que costumam surgir na hora de atender crian\u00e7as. \u00c9 o que revela a assistente administrativa do Poupatempo, Beth\u00e2nia V\u00edcola. \u201cElas [ as crian\u00e7as] \u00e0s vezes se assustam com as luvas usadas pelos t\u00e9cnicos que fazem a coleta biom\u00e9trica, pois acham que v\u00e3o tomar vacina. Os funcion\u00e1rios j\u00e1 sabem e usam uma luva como bixiga para distrair durante o atendimento. \u00c9 comum ver funcion\u00e1rios do Poupatempo com crian\u00e7as no colo para evitar choro.\u201d<\/p>\n<p>Import\u00e2ncia<br \/>\nDe acordo com o programa, muitos pais consideram que o documento \u00e9 uma garantia a mais em termos de seguran\u00e7a. Se antes de pedir a emiss\u00e3o do RG os pais providenciarem o CPF da crian\u00e7a, a identidade j\u00e1 ter\u00e1 impresso o n\u00famero de identifica\u00e7\u00e3o que valer\u00e1 para a vida toda para assuntos ligados \u00e0 Receita Federal.<\/p>\n<p>Outra vantagem da identidade para as crian\u00e7as \u00e9 facilitar a abertura de uma conta corrente para pais que desejam iniciar desde cedo uma poupan\u00e7a.<\/p>\n<p>Veja como tirar o RG do beb\u00ea:<br \/>\nAgende a ida ao Poupatempo, que pode ser feito facilmente pelo celular por meio do aplicativo . Tamb\u00e9m \u00e9 poss\u00edvel agendar pelo telefone 0800 772 3633 (Disque Poupatempo) ou pelo site .<br \/>\n&#8211; O que \u00e9 necess\u00e1rio:<br \/>\nCertid\u00e3o de nascimento original e c\u00f3pia<br \/>\nN\u00famero de inscri\u00e7\u00e3o no CPF (se tiver)<br \/>\nDocumento da m\u00e3e original e c\u00f3pia<br \/>\n1 foto 3&#215;4 (com fundo branco). A foto pode ser tirada no Poupatempo<\/p>\n<p>Do Portal do Governo do Estado SP<\/p>\n","protected":false},"excerpt":{"rendered":"<p>Estat\u00edsticas oficiais divulgadas pelo programa Poupatempo indicam que somente no Estado de S\u00e3o Paulo 187,1 mil beb\u00eas de at\u00e9 tr\u00eas anos tiraram o RG, de janeiro a dezembro de 2014. No ano anterior, foram 156,8 mil na mesma faixa et\u00e1ria. Em 2015, s\u00f3 de janeiro a maio, mais 95,2 mil crian\u00e7as de at\u00e9 tr\u00eas anos. [&hellip;]<\/p>\n","protected":false},"author":2,"featured_media":26625,"comment_status":"open","ping_status":"closed","sticky":false,"template":"","format":"standard","meta":{"_genesis_hide_title":false,"_genesis_hide_breadcrumbs":false,"_genesis_hide_singular_image":false,"_genesis_hide_footer_widgets":false,"_genesis_custom_body_class":"","_genesis_custom_post_class":"","_genesis_layout":"","_jetpack_memberships_contains_paid_content":false,"footnotes":""},"categories":[22],"tags":[],"class_list":{"0":"post-71543","1":"post","2":"type-post","3":"status-publish","4":"format-standard","5":"has-post-thumbnail","7":"category-brasil","8":"entry","9":"gs-1","10":"gs-odd","11":"gs-even","12":"gs-featured-content-entry"},"jetpack_featured_media_url":"https:\/\/www.redenoticia.com.br\/noticia\/imagens\/mulher-profissao.jpg","jetpack_sharing_enabled":true,"jetpack_likes_enabled":true,"_links":{"self":[{"href":"https:\/\/www.redenoticia.com.br\/noticia\/wp-json\/wp\/v2\/posts\/71543","targetHints":{"allow":["GET"]}}],"collection":[{"href":"https:\/\/www.redenoticia.com.br\/noticia\/wp-json\/wp\/v2\/posts"}],"about":[{"href":"https:\/\/www.redenoticia.com.br\/noticia\/wp-json\/wp\/v2\/types\/post"}],"author":[{"embeddable":true,"href":"https:\/\/www.redenoticia.com.br\/noticia\/wp-json\/wp\/v2\/users\/2"}],"replies":[{"embeddable":true,"href":"https:\/\/www.redenoticia.com.br\/noticia\/wp-json\/wp\/v2\/comments?post=71543"}],"version-history":[{"count":0,"href":"https:\/\/www.redenoticia.com.br\/noticia\/wp-json\/wp\/v2\/posts\/71543\/revisions"}],"wp:featuredmedia":[{"embeddable":true,"href":"https:\/\/www.redenoticia.com.br\/noticia\/wp-json\/wp\/v2\/media\/26625"}],"wp:attachment":[{"href":"https:\/\/www.redenoticia.com.br\/noticia\/wp-json\/wp\/v2\/media?parent=71543"}],"wp:term":[{"taxonomy":"category","embeddable":true,"href":"https:\/\/www.redenoticia.com.br\/noticia\/wp-json\/wp\/v2\/categories?post=71543"},{"taxonomy":"post_tag","embeddable":true,"href":"https:\/\/www.redenoticia.com.br\/noticia\/wp-json\/wp\/v2\/tags?post=71543"}],"curies":[{"name":"wp","href":"https:\/\/api.w.org\/{rel}","templated":true}]}}