{"id":71488,"date":"2015-06-18T18:40:36","date_gmt":"2015-06-18T21:40:36","guid":{"rendered":"http:\/\/www.redenoticia.com.br\/noticia\/?p=71488"},"modified":"2015-06-18T18:40:36","modified_gmt":"2015-06-18T21:40:36","slug":"indice-que-serve-de-base-para-reajustes-de-aluguel-tem-alta-de-059-em-junho","status":"publish","type":"post","link":"https:\/\/www.redenoticia.com.br\/noticia\/2015\/indice-que-serve-de-base-para-reajustes-de-aluguel-tem-alta-de-059-em-junho\/71488","title":{"rendered":"\u00cdndice que serve de base para reajustes de aluguel tem alta de 0,59% em junho"},"content":{"rendered":"<p> A segunda pr\u00e9via de junho do <strong><em>\u00cdndice Geral de Pre\u00e7os<\/em><\/strong> &#8211; Mercado (IGP-M) registrou infla\u00e7\u00e3o de 0,59%. A taxa \u00e9 superior ao 0,41% observado na segunda pr\u00e9via de maio. Com o resultado da pr\u00e9via de junho, o \u00edndice, usado no reajuste de contratos de aluguel, acumula taxa de 5,51% em 12 meses.<\/p>\n<p>A alta da taxa na passagem de maio para junho foi provocada pelos pre\u00e7os no varejo e na constru\u00e7\u00e3o.<\/p>\n<p>A infla\u00e7\u00e3o do \u00cdndice de Pre\u00e7os ao Consumidor, sub\u00edndice do IGP-M que analisa o varejo, passou de 0,52% na pr\u00e9via de maio para 0,75% na pr\u00e9via de junho. J\u00e1 a infla\u00e7\u00e3o do \u00cdndice Nacional de Custo da Constru\u00e7\u00e3o passou de 0,3% para 1,67% no per\u00edodo.<\/p>\n<p>Por outro lado, os pre\u00e7os no atacado, medidos pelo \u00cdndice de Pre\u00e7os ao Produtor Amplo, tiveram uma infla\u00e7\u00e3o mais moderada na pr\u00e9via de junho: 0,35%. Na pr\u00e9via de maio, a taxa havia ficado em 0,39%.<\/p>\n<p>Por Vitor Abdala Edi\u00e7\u00e3o:Denise Griesinger<br \/>\nFonte:Ag\u00eancia Brasil<\/p>\n<p>&#8212;<br \/>\nA Empresa Brasil de Comunica\u00e7\u00e3o \u00e9 uma institui\u00e7\u00e3o da democracia brasileira: p\u00fablica, inclusiva e cidad\u00e3.  Criada em 2007 para fortalecer o sistema p\u00fablico de comunica\u00e7\u00e3o, \u00e9 gestora dos canais TV Brasil, TV Brasil Internacional, Ag\u00eancia Brasil, Radioag\u00eancia Nacional e do sistema p\u00fablico de R\u00e1dio \u2013 composto por oito emissoras. Estes, por sua independ\u00eancia editorial, distinguem-se dos canais estatais ou governamentais, com conte\u00fados diferenciados e complementares aos canais privados. Os ve\u00edculos da EBC t\u00eam autonomia para definir produ\u00e7\u00e3o, programa\u00e7\u00e3o e distribui\u00e7\u00e3o de conte\u00fados.<\/p>\n","protected":false},"excerpt":{"rendered":"<p>A segunda pr\u00e9via de junho do \u00cdndice Geral de Pre\u00e7os &#8211; Mercado (IGP-M) registrou infla\u00e7\u00e3o de 0,59%. A taxa \u00e9 superior ao 0,41% observado na segunda pr\u00e9via de maio. Com o resultado da pr\u00e9via de junho, o \u00edndice, usado no reajuste de contratos de aluguel, acumula taxa de 5,51% em 12 meses. A alta da [&hellip;]<\/p>\n","protected":false},"author":2,"featured_media":57582,"comment_status":"open","ping_status":"closed","sticky":false,"template":"","format":"standard","meta":{"_genesis_hide_title":false,"_genesis_hide_breadcrumbs":false,"_genesis_hide_singular_image":false,"_genesis_hide_footer_widgets":false,"_genesis_custom_body_class":"","_genesis_custom_post_class":"","_genesis_layout":"","_jetpack_memberships_contains_paid_content":false,"footnotes":""},"categories":[22,7],"tags":[],"class_list":{"0":"post-71488","1":"post","2":"type-post","3":"status-publish","4":"format-standard","5":"has-post-thumbnail","7":"category-brasil","8":"category-economia","9":"entry","10":"gs-1","11":"gs-odd","12":"gs-even","13":"gs-featured-content-entry"},"jetpack_featured_media_url":"https:\/\/www.redenoticia.com.br\/noticia\/imagens\/grafico1.jpg","jetpack_sharing_enabled":true,"jetpack_likes_enabled":true,"_links":{"self":[{"href":"https:\/\/www.redenoticia.com.br\/noticia\/wp-json\/wp\/v2\/posts\/71488","targetHints":{"allow":["GET"]}}],"collection":[{"href":"https:\/\/www.redenoticia.com.br\/noticia\/wp-json\/wp\/v2\/posts"}],"about":[{"href":"https:\/\/www.redenoticia.com.br\/noticia\/wp-json\/wp\/v2\/types\/post"}],"author":[{"embeddable":true,"href":"https:\/\/www.redenoticia.com.br\/noticia\/wp-json\/wp\/v2\/users\/2"}],"replies":[{"embeddable":true,"href":"https:\/\/www.redenoticia.com.br\/noticia\/wp-json\/wp\/v2\/comments?post=71488"}],"version-history":[{"count":0,"href":"https:\/\/www.redenoticia.com.br\/noticia\/wp-json\/wp\/v2\/posts\/71488\/revisions"}],"wp:featuredmedia":[{"embeddable":true,"href":"https:\/\/www.redenoticia.com.br\/noticia\/wp-json\/wp\/v2\/media\/57582"}],"wp:attachment":[{"href":"https:\/\/www.redenoticia.com.br\/noticia\/wp-json\/wp\/v2\/media?parent=71488"}],"wp:term":[{"taxonomy":"category","embeddable":true,"href":"https:\/\/www.redenoticia.com.br\/noticia\/wp-json\/wp\/v2\/categories?post=71488"},{"taxonomy":"post_tag","embeddable":true,"href":"https:\/\/www.redenoticia.com.br\/noticia\/wp-json\/wp\/v2\/tags?post=71488"}],"curies":[{"name":"wp","href":"https:\/\/api.w.org\/{rel}","templated":true}]}}