{"id":71486,"date":"2015-06-18T18:37:12","date_gmt":"2015-06-18T21:37:12","guid":{"rendered":"http:\/\/www.redenoticia.com.br\/noticia\/?p=71486"},"modified":"2015-06-18T18:37:12","modified_gmt":"2015-06-18T21:37:12","slug":"camara-aprova-reajuste-na-tabela-do-imposto-de-renda","status":"publish","type":"post","link":"https:\/\/www.redenoticia.com.br\/noticia\/2015\/camara-aprova-reajuste-na-tabela-do-imposto-de-renda\/71486","title":{"rendered":"C\u00e2mara aprova reajuste na tabela do Imposto de Renda"},"content":{"rendered":"<p> A C\u00e2mara dos Deputados aprovou a Medida Provis\u00f3ria (MP) 670\/2015 que reajusta a <strong><em>tabela mensal do Imposto de Renda Pessoa F\u00edsica<\/em><\/strong> (IRPF). A medida foi aprovada depois que os deputados conclu\u00edram a vota\u00e7\u00e3o dos temas da reforma pol\u00edtica. O texto segue agora para o Senado.<\/p>\n<p>Os deputados rejeitaram os destaques ao projeto que previam o aumento de 6,5% todas as faixas de tributa\u00e7\u00e3o do IPRF, mas aprovaram por 222 votos a favor, 199 contra e duas absten\u00e7\u00f5es, uma emenda que concede isen\u00e7\u00e3o de imposto em despesas com a aquisi\u00e7\u00e3o de livros por professores e seus dependentes para a sua forma\u00e7\u00e3o. O valor, que se encaixa no campo das dedu\u00e7\u00f5es com educa\u00e7\u00e3o, poder\u00e1 chegar a R$ 3.561,50 a partir do ano-calend\u00e1rio 2015.<\/p>\n<p>Mesmo sendo mat\u00e9ria considerada estranha \u00e0 medida, os deputados tamb\u00e9m aprovaram, por 231 votos a favor e 143 contra, uma emenda que isenta o \u00f3leo diesel do Programa de Integra\u00e7\u00e3o Social (PIS) e da Contribui\u00e7\u00e3o para o Financiamento da Seguridade Social (Cofins). \u201cA mat\u00e9ria \u00e9 estranha, ela n\u00e3o deveria ter sido aprovada na comiss\u00e3o mista que analisou a medida. Mas n\u00e3o compete a mim retirar, disse o presidenta da Casa, Eduardo Cunha (PMDB-RJ).<\/p>\n<p>A emenda foi proposta por integrantes da bancada do agroneg\u00f3cio. O l\u00edder do governo na C\u00e2mara, Jos\u00e9 Guimar\u00e3es (PT-CE), disse que a aprova\u00e7\u00e3o desconsiderou um acordo firmado entre os l\u00edderes para a vota\u00e7\u00e3o da MP. \u201cEssa mat\u00e9ria \u00e9 estranha e fere o acordo que fizemos para votar o reajuste na tabela do Imposto de Renda, ap\u00f3s o veto da presidenta Dilma\u201d, disse.<\/p>\n<p>A MP concede reajuste escalonado das bases de c\u00e1lculo da tabela progressiva do Imposto de Renda. O reajuste vai de 4,5%, para a faixa de renda mais alta, a 6,5%, para a faixa de renda mais baixa (isenta). A renda mensal m\u00e1xima para isen\u00e7\u00e3o passa a ser R$ 1.903,98. Os reajustes valem a partir de abril de 2015 e surgiram de negocia\u00e7\u00f5es do governo com o Congresso para manter o veto ao reajuste linear de 6,5% para a tabela.<\/p>\n<p>A aprova\u00e7\u00e3o da MP, que estava trancando a pauta da Casa, abre caminho para a vota\u00e7\u00e3o do projeto de lei (PL 863\/2015) que altera as regras de desonera\u00e7\u00e3o da folha de pagamento concedida a 56 setores da economia, um dos itens do chamado ajuste fiscal. Antes, os deputados t\u00eam que votar dois projetos do pacote anticorrup\u00e7\u00e3o do governo federal.<\/p>\n<p>Por Luciano Nascimento Edi\u00e7\u00e3o:Gra\u00e7a Adjuto<br \/>\nFonte:Ag\u00eancia Brasil<\/p>\n","protected":false},"excerpt":{"rendered":"<p>A C\u00e2mara dos Deputados aprovou a Medida Provis\u00f3ria (MP) 670\/2015 que reajusta a tabela mensal do Imposto de Renda Pessoa F\u00edsica (IRPF). A medida foi aprovada depois que os deputados conclu\u00edram a vota\u00e7\u00e3o dos temas da reforma pol\u00edtica. O texto segue agora para o Senado. Os deputados rejeitaram os destaques ao projeto que previam o [&hellip;]<\/p>\n","protected":false},"author":2,"featured_media":23889,"comment_status":"open","ping_status":"closed","sticky":false,"template":"","format":"standard","meta":{"_genesis_hide_title":false,"_genesis_hide_breadcrumbs":false,"_genesis_hide_singular_image":false,"_genesis_hide_footer_widgets":false,"_genesis_custom_body_class":"","_genesis_custom_post_class":"","_genesis_layout":"","_jetpack_memberships_contains_paid_content":false,"footnotes":""},"categories":[22,7],"tags":[],"class_list":{"0":"post-71486","1":"post","2":"type-post","3":"status-publish","4":"format-standard","5":"has-post-thumbnail","7":"category-brasil","8":"category-economia","9":"entry","10":"gs-1","11":"gs-odd","12":"gs-even","13":"gs-featured-content-entry"},"jetpack_featured_media_url":"https:\/\/www.redenoticia.com.br\/noticia\/imagens\/receita-federal-irpf-2010.jpg","jetpack_sharing_enabled":true,"jetpack_likes_enabled":true,"_links":{"self":[{"href":"https:\/\/www.redenoticia.com.br\/noticia\/wp-json\/wp\/v2\/posts\/71486","targetHints":{"allow":["GET"]}}],"collection":[{"href":"https:\/\/www.redenoticia.com.br\/noticia\/wp-json\/wp\/v2\/posts"}],"about":[{"href":"https:\/\/www.redenoticia.com.br\/noticia\/wp-json\/wp\/v2\/types\/post"}],"author":[{"embeddable":true,"href":"https:\/\/www.redenoticia.com.br\/noticia\/wp-json\/wp\/v2\/users\/2"}],"replies":[{"embeddable":true,"href":"https:\/\/www.redenoticia.com.br\/noticia\/wp-json\/wp\/v2\/comments?post=71486"}],"version-history":[{"count":0,"href":"https:\/\/www.redenoticia.com.br\/noticia\/wp-json\/wp\/v2\/posts\/71486\/revisions"}],"wp:featuredmedia":[{"embeddable":true,"href":"https:\/\/www.redenoticia.com.br\/noticia\/wp-json\/wp\/v2\/media\/23889"}],"wp:attachment":[{"href":"https:\/\/www.redenoticia.com.br\/noticia\/wp-json\/wp\/v2\/media?parent=71486"}],"wp:term":[{"taxonomy":"category","embeddable":true,"href":"https:\/\/www.redenoticia.com.br\/noticia\/wp-json\/wp\/v2\/categories?post=71486"},{"taxonomy":"post_tag","embeddable":true,"href":"https:\/\/www.redenoticia.com.br\/noticia\/wp-json\/wp\/v2\/tags?post=71486"}],"curies":[{"name":"wp","href":"https:\/\/api.w.org\/{rel}","templated":true}]}}